{"id":25262,"date":"2023-03-22T00:17:27","date_gmt":"2023-03-22T00:17:27","guid":{"rendered":"http:\/\/elcensornoticias.com\/?p=25262"},"modified":"2023-03-22T00:17:31","modified_gmt":"2023-03-22T00:17:31","slug":"conmemoran-el-natalicio-del-benemerito-de-las-americas","status":"publish","type":"post","link":"http:\/\/elcensornoticias.com\/?p=25262","title":{"rendered":"Conmemoran el natalicio del Benem\u00e9rito de las Am\u00e9ricas"},"content":{"rendered":"\n<p>\u00b7\u00a0\u00a0\u00a0\u00a0\u00a0\u00a0<em>Reconoci\u00f3 el papel pol\u00edtico de Benito Ju\u00e1rez en M\u00e9xico.\u00a0<\/em><\/p>\n\n\n\n<p>En la m\u00e1xima tribuna, el diputado Bladimir Zainos Flores, presidente de la Mesa Directiva de la LXIV Legislatura, del Congreso del Estado, en el marco del natalicio de Benito Ju\u00e1rez, record\u00f3 su trayectoria al servicio de la sociedad mexicana.&nbsp;<\/p>\n\n\n\n<p>Zainos Flores, hizo un recuento del papel p\u00fablico que Benito Pablo Ju\u00e1rez Garc\u00eda, ejerci\u00f3 durante la historia de nuestro pa\u00eds, puesto que logr\u00f3 desarrollarse con iniciativa y r\u00e1pida acci\u00f3n en el \u00e1mbito de la pol\u00edtica y dentro de la judicatura.&nbsp;<\/p>\n\n\n\n<p>Record\u00f3 que sus principales bases fueron las que desempe\u00f1\u00f3 como regidor del Ayuntamiento, demostrando una gran fortaleza, a tal punto que tuvo el coraje de luchar contra los abusos de los cl\u00e9rigos y alcanzar la reivindicaci\u00f3n de los ofendidos. Fue electo diputado local, Magistrado del Tribunal Superior de Justicia, fue civil y gobernador de su natal Oaxaca, as\u00ed como presidente de la Rep\u00fablica.&nbsp;<\/p>\n\n\n\n<p>El legislador, se\u00f1al\u00f3 que una de sus m\u00e1s grandes aportaciones a la vida pol\u00edtica y social de nuestro pa\u00eds fue la visi\u00f3n de las Leyes de Reforma, estableciendo la separaci\u00f3n entre el Estado y la Iglesia e hizo frente a la intervenci\u00f3n francesa y el imperio de Maximiliano de Habsburgo.<\/p>\n\n\n\n<p>Bladimir Zainos Flores, durante su intervenci\u00f3n mencion\u00f3 que \u201c<em>en este d\u00eda especial es importante reflexionar sobre los valores que Benito Ju\u00e1rez represent\u00f3 y c\u00f3mo poder aplicarlos en nuestras vidas, la democracia, la libertad, la igualdad y el Estado laico como fundamentos para el desarrollo de una sociedad justa y pr\u00f3spera.\u201d<\/em><\/p>\n\n\n\n<p>En ese tenor, hizo un llamado para seguir trabajando juntos por un M\u00e9xico m\u00e1s justo y m\u00e1s libre en el que todos tengamos las mismas oportunidades y en el que prevalezca la paz y la unidad.&nbsp;<\/p>\n","protected":false},"excerpt":{"rendered":"<p>\u00b7\u00a0\u00a0\u00a0\u00a0\u00a0\u00a0Reconoci\u00f3 el papel pol\u00edtico de Benito Ju\u00e1rez en M\u00e9xico.\u00a0 En la m\u00e1xima tribuna, el diputado Bladimir Zainos Flores, presidente de la Mesa Directiva de la LXIV Legislatura, del Congreso del Estado, en el marco del natalicio de Benito Ju\u00e1rez, record\u00f3 su trayectoria al servicio de la sociedad mexicana.&nbsp; Zainos Flores, hizo un recuento del papel [&hellip;]<\/p>\n","protected":false},"author":1,"featured_media":25263,"comment_status":"open","ping_status":"open","sticky":false,"template":"","format":"standard","meta":{"advanced_seo_description":"","jetpack_seo_html_title":"","jetpack_seo_noindex":false,"footnotes":"","jetpack_publicize_message":"","jetpack_is_tweetstorm":false,"jetpack_publicize_feature_enabled":true,"jetpack_social_post_already_shared":true,"jetpack_social_options":{"image_generator_settings":{"template":"highway","enabled":false}}},"categories":[27,2],"tags":[],"class_list":["post-25262","post","type-post","status-publish","format-standard","has-post-thumbnail","hentry","category-congreso","category-destacadas"],"jetpack_publicize_connections":[],"jetpack_featured_media_url":"http:\/\/elcensornoticias.com\/wp-content\/uploads\/2023\/03\/8ac5c8d8-5d42-49b1-a708-00a2c3ed58e4.jpg","jetpack_likes_enabled":true,"jetpack_sharing_enabled":true,"jetpack_shortlink":"https:\/\/wp.me\/p6xy50-6zs","_links":{"self":[{"href":"http:\/\/elcensornoticias.com\/index.php?rest_route=\/wp\/v2\/posts\/25262","targetHints":{"allow":["GET"]}}],"collection":[{"href":"http:\/\/elcensornoticias.com\/index.php?rest_route=\/wp\/v2\/posts"}],"about":[{"href":"http:\/\/elcensornoticias.com\/index.php?rest_route=\/wp\/v2\/types\/post"}],"author":[{"embeddable":true,"href":"http:\/\/elcensornoticias.com\/index.php?rest_route=\/wp\/v2\/users\/1"}],"replies":[{"embeddable":true,"href":"http:\/\/elcensornoticias.com\/index.php?rest_route=%2Fwp%2Fv2%2Fcomments&post=25262"}],"version-history":[{"count":1,"href":"http:\/\/elcensornoticias.com\/index.php?rest_route=\/wp\/v2\/posts\/25262\/revisions"}],"predecessor-version":[{"id":25264,"href":"http:\/\/elcensornoticias.com\/index.php?rest_route=\/wp\/v2\/posts\/25262\/revisions\/25264"}],"wp:featuredmedia":[{"embeddable":true,"href":"http:\/\/elcensornoticias.com\/index.php?rest_route=\/wp\/v2\/media\/25263"}],"wp:attachment":[{"href":"http:\/\/elcensornoticias.com\/index.php?rest_route=%2Fwp%2Fv2%2Fmedia&parent=25262"}],"wp:term":[{"taxonomy":"category","embeddable":true,"href":"http:\/\/elcensornoticias.com\/index.php?rest_route=%2Fwp%2Fv2%2Fcategories&post=25262"},{"taxonomy":"post_tag","embeddable":true,"href":"http:\/\/elcensornoticias.com\/index.php?rest_route=%2Fwp%2Fv2%2Ftags&post=25262"}],"curies":[{"name":"wp","href":"https:\/\/api.w.org\/{rel}","templated":true}]}}