{"id":25230,"date":"2023-03-21T01:24:24","date_gmt":"2023-03-21T01:24:24","guid":{"rendered":"http:\/\/elcensornoticias.com\/?p=25230"},"modified":"2023-03-21T01:24:28","modified_gmt":"2023-03-21T01:24:28","slug":"17-titulos-de-licenciatura-en-terapia-fisica-y-rehabilitacion-para-alumnos-del-cri","status":"publish","type":"post","link":"http:\/\/elcensornoticias.com\/?p=25230","title":{"rendered":"17 T\u00cdTULOS DE LICENCIATURA EN TERAPIA F\u00cdSICA Y REHABILITACI\u00d3N PARA ALUMNOS DEL CRI"},"content":{"rendered":"\n<p>Es una rama del \u00e1rea de las ciencias de la salud que brinda tratamiento terap\u00e9utico y de rehabilitaci\u00f3n a pacientes que sufren enfermedades ortop\u00e9dicas, musculares y neurol\u00f3gicas.<br>La Escuela en Terapia F\u00edsica y Rehabilitaci\u00f3n del Centro de Rehabilitaci\u00f3n Integral (CRI) encabez\u00f3 17 protocolos de titulaci\u00f3n de la licenciatura en Terapia F\u00edsica y Rehabilitaci\u00f3n de alumnos egresados de la d\u00e9cima quinta generaci\u00f3n, profesionistas capacitados para otorgar servicios m\u00e9dicos a personas que padecen afectaciones f\u00edsicas o neurol\u00f3gicas.<br>El director del CRI, Iv\u00e1n Luna Cede\u00f1o resalt\u00f3 la importancia de que sean cada vez m\u00e1s los titulados, ya que podr\u00e1n llevar sus conocimientos y atenciones a las personas que m\u00e1s lo necesitan en todo el estado.<br>\u201cCon estas acciones reiteramos el compromiso de la gobernadora Lorena Cu\u00e9llar Cisneros de brindar la atenci\u00f3n necesaria a la ciudadan\u00eda, mediante un servicio adecuado, accesible y cercano a los tlaxcaltecas, otorgado por profesionistas en la materia y plenamente formados por la Escuela en Terapia F\u00edsica y Rehabilitaci\u00f3n del CRI\u201d, se\u00f1al\u00f3.<br>Resalt\u00f3 que la licenciatura en Terapia F\u00edsica consta de nueve semestres durante los que abordan de manera detallada, las diferentes t\u00e9cnicas m\u00e9dicas de rehabilitaci\u00f3n psicomotriz. Es una rama del \u00e1rea de las ciencias de la salud que brinda tratamiento terap\u00e9utico y de rehabilitaci\u00f3n a pacientes que sufren enfermedades ortop\u00e9dicas, musculares y neurol\u00f3gicas, adem\u00e1s de otros padecimientos que afectan la capacidad para poder mover el sistema osteomuscular.<br>Los terapistas proporcionan a los pacientes rehabilitaci\u00f3n a trav\u00e9s de ejercicios terap\u00e9uticos y otras pr\u00e1cticas como la aplicaci\u00f3n de fr\u00edo, calor, agua, electricidad, masajes, ultrasonido, l\u00e1ser y t\u00e9cnicas manuales.<br>Como parte de su formaci\u00f3n, los egresados se capacitaron en pr\u00e1cticas realizadas en el CRI, hospitales del sector salud y en las 42 Unidades B\u00e1sicas de Rehabilitaci\u00f3n (UBR) que hay en el estado, con lo que fortalecieron sus conocimientos y capacidades por medio de la pr\u00e1ctica.<br>Los titulados fueron Ramiro de Jes\u00fas Amaro Alvarado, Karen Alejandra Cabrera Zamora, Melissa Abigail Grande Guzm\u00e1n, Aldo Guti\u00e9rrez Jim\u00e9nez, Karime Hern\u00e1ndez V\u00e1zquez, Alfonso Marcelino Ib\u00e1\u00f1ez Hern\u00e1ndez, Carlos Fernando Ju\u00e1rez Garc\u00eda, Michelle Ang\u00e9lica Lara M\u00e9ndez, Gerardo Palafox Rodr\u00edguez, Jazm\u00edn Esmeralda P\u00e9rez Portilla, Brandon Alfredo Ramos Gonz\u00e1lez, Paola Daniela Rold\u00e1n Atonal, Nanci Areli S\u00e1nchez Hern\u00e1ndez, Julissa S\u00e1nchez P\u00e9rez, Miguel \u00c1ngel Tenaza P\u00e9rez, Berenice Vel\u00e1zquez Candia y Guadalupe Alejandra Z\u00e1rate Tlachi.<\/p>\n","protected":false},"excerpt":{"rendered":"<p>Es una rama del \u00e1rea de las ciencias de la salud que brinda tratamiento terap\u00e9utico y de rehabilitaci\u00f3n a pacientes que sufren enfermedades ortop\u00e9dicas, musculares y neurol\u00f3gicas.La Escuela en Terapia F\u00edsica y Rehabilitaci\u00f3n del Centro de Rehabilitaci\u00f3n Integral (CRI) encabez\u00f3 17 protocolos de titulaci\u00f3n de la licenciatura en Terapia F\u00edsica y Rehabilitaci\u00f3n de alumnos egresados [&hellip;]<\/p>\n","protected":false},"author":1,"featured_media":25231,"comment_status":"open","ping_status":"open","sticky":false,"template":"","format":"standard","meta":{"advanced_seo_description":"","jetpack_seo_html_title":"","jetpack_seo_noindex":false,"footnotes":"","jetpack_publicize_message":"","jetpack_is_tweetstorm":false,"jetpack_publicize_feature_enabled":true,"jetpack_social_post_already_shared":true,"jetpack_social_options":{"image_generator_settings":{"template":"highway","enabled":false}}},"categories":[2,28],"tags":[],"class_list":["post-25230","post","type-post","status-publish","format-standard","has-post-thumbnail","hentry","category-destacadas","category-educacion"],"jetpack_publicize_connections":[],"jetpack_featured_media_url":"http:\/\/elcensornoticias.com\/wp-content\/uploads\/2023\/03\/Screenshot_20230320_180535-1.jpg","jetpack_likes_enabled":true,"jetpack_sharing_enabled":true,"jetpack_shortlink":"https:\/\/wp.me\/p6xy50-6yW","_links":{"self":[{"href":"http:\/\/elcensornoticias.com\/index.php?rest_route=\/wp\/v2\/posts\/25230","targetHints":{"allow":["GET"]}}],"collection":[{"href":"http:\/\/elcensornoticias.com\/index.php?rest_route=\/wp\/v2\/posts"}],"about":[{"href":"http:\/\/elcensornoticias.com\/index.php?rest_route=\/wp\/v2\/types\/post"}],"author":[{"embeddable":true,"href":"http:\/\/elcensornoticias.com\/index.php?rest_route=\/wp\/v2\/users\/1"}],"replies":[{"embeddable":true,"href":"http:\/\/elcensornoticias.com\/index.php?rest_route=%2Fwp%2Fv2%2Fcomments&post=25230"}],"version-history":[{"count":1,"href":"http:\/\/elcensornoticias.com\/index.php?rest_route=\/wp\/v2\/posts\/25230\/revisions"}],"predecessor-version":[{"id":25232,"href":"http:\/\/elcensornoticias.com\/index.php?rest_route=\/wp\/v2\/posts\/25230\/revisions\/25232"}],"wp:featuredmedia":[{"embeddable":true,"href":"http:\/\/elcensornoticias.com\/index.php?rest_route=\/wp\/v2\/media\/25231"}],"wp:attachment":[{"href":"http:\/\/elcensornoticias.com\/index.php?rest_route=%2Fwp%2Fv2%2Fmedia&parent=25230"}],"wp:term":[{"taxonomy":"category","embeddable":true,"href":"http:\/\/elcensornoticias.com\/index.php?rest_route=%2Fwp%2Fv2%2Fcategories&post=25230"},{"taxonomy":"post_tag","embeddable":true,"href":"http:\/\/elcensornoticias.com\/index.php?rest_route=%2Fwp%2Fv2%2Ftags&post=25230"}],"curies":[{"name":"wp","href":"https:\/\/api.w.org\/{rel}","templated":true}]}}