{"id":25209,"date":"2023-03-21T01:04:14","date_gmt":"2023-03-21T01:04:14","guid":{"rendered":"http:\/\/elcensornoticias.com\/?p=25209"},"modified":"2023-03-21T01:04:18","modified_gmt":"2023-03-21T01:04:18","slug":"reportan-el-hallazgo-de-una-camara-funeraria-en-palenque-durante-trabajos-del-tren-maya","status":"publish","type":"post","link":"http:\/\/elcensornoticias.com\/?p=25209","title":{"rendered":"Reportan el hallazgo de una c\u00e1mara funeraria en Palenque durante trabajos del Tren Maya"},"content":{"rendered":"\n<ul class=\"wp-block-list\"><li><strong>El titular del INAH, Diego Prieto Hern\u00e1ndez, inform\u00f3 que se trata de un entierro primario y otro secundario, as\u00ed como una ofrenda y un nicho con figuras de piedra verde<\/strong><\/li><li><strong>El descubrimiento se registr\u00f3&nbsp;<\/strong><strong>durante las tareas de salvamento arqueol\u00f3gico&nbsp;<\/strong><strong>como parte del&nbsp;<\/strong><strong>Programa de Mejoramiento de Zonas Arqueol\u00f3gicas (Promeza)<\/strong><strong><\/strong><\/li><\/ul>\n\n\n\n<p>El descubrimiento de una c\u00e1mara funeraria en la Zona Arqueol\u00f3gica de Palenque con un entierro primario, compuesto por un esqueleto humano \u00edntegro, y un entierro secundario, una ofrenda conformada por tres platos y un nicho con diversas figuras de piedra verde, fue reportado por arque\u00f3logos del Instituto Nacional de Antropolog\u00eda e Historia (INAH).<\/p>\n\n\n\n<p>Durante la conferencia matutina del presidente de M\u00e9xico, Andr\u00e9s Manuel L\u00f3pez Obrador, celebrada en esta ocasi\u00f3n en esta entidad, el director general del INAH, Diego Prieto Hern\u00e1ndez, inform\u00f3 que el hallazgo se registr\u00f3 en las inmediaciones del campamento del sitio, durante las tareas de salvamento arqueol\u00f3gico en la denominada Estructura CP3, espacio donde se realizan acciones de mejora y renovaci\u00f3n de infraestructura como parte del Programa de Mejoramiento de Zonas Arqueol\u00f3gicas (Promeza), el cual lleva a cabo la Secretar\u00eda de Cultura del Gobierno de M\u00e9xico, a trav\u00e9s del instituto, en el marco del proyecto prioritario Tren Maya.<\/p>\n\n\n\n<p>El esqueleto del individuo del entierro primario presenta una posici\u00f3n bocarriba y est\u00e1 orientado hacia el norte, algo habitual en las antiguas costumbres funerarias de Palenque. Mientras que los restos \u00f3seos del dep\u00f3sito secundario corresponder\u00edan a una mujer, la cual probablemente fue enterrada en un lugar distinto a la c\u00e1mara y, en un evento de reapertura de la c\u00e1mara, fueron reacomodados sus huesos en el espacio de acceso o antec\u00e1mara, respecto al personaje principal. Existe tambi\u00e9n otro cr\u00e1neo como parte del enterramiento secundario, del cual contin\u00faan los an\u00e1lisis para su identificaci\u00f3n.<\/p>\n\n\n\n<p>El titular del INAH&nbsp;dio cuenta de los avances en los trabajos de campo realizados por la instituci\u00f3n, con la colaboraci\u00f3n del Fondo Nacional del Fomento al Turismo, en el Tramo 1, el cual corre de&nbsp;Palenque, en Chiapas, a Esc\u00e1rcega, Campeche.<\/p>\n\n\n\n<p>Las tareas de salvamento arqueol\u00f3gico, dijo, est\u00e1n pr\u00e1cticamente concluidas, no obstante, las y los arque\u00f3logos y otros profesionistas contin\u00faan con el an\u00e1lisis y la interpretaci\u00f3n de la informaci\u00f3n arqueol\u00f3gica.<\/p>\n\n\n\n<p>El antrop\u00f3logo indic\u00f3 que, paralelamente, se avanza en la aplicaci\u00f3n del Promeza en tres zonas arqueol\u00f3gicas del Tramo 1: Palenque, en Chiapas; El Tigre, en Campeche, y Moral- Reforma, en Tabasco.<\/p>\n\n\n\n<p>\u201cEn Palenque se est\u00e1 haciendo un trabajo importante para acondicionar la zona, ya que se espera una creciente visita que rebase los 500 mil visitantes al a\u00f1o. La construcci\u00f3n del Centro de Atenci\u00f3n a Visitantes (Catvi) presenta avance del 83 al 87%. Asimismo, se lleva a cabo la rehabilitaci\u00f3n del museo y la renovaci\u00f3n de sus instalaciones el\u00e9ctricas e hidrosanitarias\u201d, detall\u00f3.<\/p>\n\n\n\n<p>Prieto Hern\u00e1ndez refiri\u00f3 que la actualizaci\u00f3n del guion cient\u00edfico del museo de Palenque lleva 30%. Adem\u00e1s, destac\u00f3, se prepara la nueva se\u00f1al\u00e9tica para la zona arqueol\u00f3gica, as\u00ed como la infraestructura para que las y los comerciantes y artesanos puedan vender sus productos al p\u00fablico. Tambi\u00e9n, se trabaja en la rehabilitaci\u00f3n de los andadores de diversos sectores del sitio arqueol\u00f3gico, incluidos los de la nueva \u00e1rea que se abrir\u00e1 al p\u00fablico, denominada Grupo IV.<\/p>\n\n\n\n<p>Respecto a la Zona Arqueol\u00f3gica Moral-Reforma, en Tabasco, el titular del INAH expuso que ya terminaron las actividades de excavaci\u00f3n y consolidaci\u00f3n de estructuras, y se analiza una ofrenda hallada en el Edificio 18.<\/p>\n\n\n\n<p>En tanto, en la Zona Arqueol\u00f3gica El Tigre, Campeche, pr\u00e1cticamente se han cumplido las tareas arqueol\u00f3gicas y se ha dado paso a los trabajos de mejoramiento de la unidad de servicios y construcci\u00f3n del Catvi.<\/p>\n\n\n\n<p>Por \u00faltimo, el director general del INAH inform\u00f3 que, al corte del 20 de marzo de 2023, se han recuperado 2,655 bienes inmuebles (cimiento, albarradas y basamentos); 218 bienes muebles (cer\u00e1mica, metates, instrumentos dom\u00e9sticos, figurillas); 255,683 fragmentos de cer\u00e1mica que se encuentran en proceso de an\u00e1lisis; 177 entierros humanos y 38 rasgos naturales asociados al paisaje.<\/p>\n\n\n\n<p>Video:&nbsp;<a href=\"https:\/\/youtu.be\/LTxojJHAzBU\" target=\"_blank\" rel=\"noreferrer noopener\">https:\/\/youtu.be\/LTxojJHAzBU<\/a>&nbsp;<\/p>\n","protected":false},"excerpt":{"rendered":"<p>El titular del INAH, Diego Prieto Hern\u00e1ndez, inform\u00f3 que se trata de un entierro primario y otro secundario, as\u00ed como una ofrenda y un nicho con figuras de piedra verde El descubrimiento se registr\u00f3&nbsp;durante las tareas de salvamento arqueol\u00f3gico&nbsp;como parte del&nbsp;Programa de Mejoramiento de Zonas Arqueol\u00f3gicas (Promeza) El descubrimiento de una c\u00e1mara funeraria en la [&hellip;]<\/p>\n","protected":false},"author":1,"featured_media":25210,"comment_status":"open","ping_status":"open","sticky":false,"template":"","format":"standard","meta":{"advanced_seo_description":"","jetpack_seo_html_title":"","jetpack_seo_noindex":false,"footnotes":"","jetpack_publicize_message":"","jetpack_is_tweetstorm":false,"jetpack_publicize_feature_enabled":true,"jetpack_social_post_already_shared":true,"jetpack_social_options":{"image_generator_settings":{"template":"highway","enabled":false}}},"categories":[26,4],"tags":[],"class_list":["post-25209","post","type-post","status-publish","format-standard","has-post-thumbnail","hentry","category-cultura","category-noticias"],"jetpack_publicize_connections":[],"jetpack_featured_media_url":"http:\/\/elcensornoticias.com\/wp-content\/uploads\/2023\/03\/Foto_INAH-5.jpeg","jetpack_likes_enabled":true,"jetpack_sharing_enabled":true,"jetpack_shortlink":"https:\/\/wp.me\/p6xy50-6yB","_links":{"self":[{"href":"http:\/\/elcensornoticias.com\/index.php?rest_route=\/wp\/v2\/posts\/25209","targetHints":{"allow":["GET"]}}],"collection":[{"href":"http:\/\/elcensornoticias.com\/index.php?rest_route=\/wp\/v2\/posts"}],"about":[{"href":"http:\/\/elcensornoticias.com\/index.php?rest_route=\/wp\/v2\/types\/post"}],"author":[{"embeddable":true,"href":"http:\/\/elcensornoticias.com\/index.php?rest_route=\/wp\/v2\/users\/1"}],"replies":[{"embeddable":true,"href":"http:\/\/elcensornoticias.com\/index.php?rest_route=%2Fwp%2Fv2%2Fcomments&post=25209"}],"version-history":[{"count":1,"href":"http:\/\/elcensornoticias.com\/index.php?rest_route=\/wp\/v2\/posts\/25209\/revisions"}],"predecessor-version":[{"id":25211,"href":"http:\/\/elcensornoticias.com\/index.php?rest_route=\/wp\/v2\/posts\/25209\/revisions\/25211"}],"wp:featuredmedia":[{"embeddable":true,"href":"http:\/\/elcensornoticias.com\/index.php?rest_route=\/wp\/v2\/media\/25210"}],"wp:attachment":[{"href":"http:\/\/elcensornoticias.com\/index.php?rest_route=%2Fwp%2Fv2%2Fmedia&parent=25209"}],"wp:term":[{"taxonomy":"category","embeddable":true,"href":"http:\/\/elcensornoticias.com\/index.php?rest_route=%2Fwp%2Fv2%2Fcategories&post=25209"},{"taxonomy":"post_tag","embeddable":true,"href":"http:\/\/elcensornoticias.com\/index.php?rest_route=%2Fwp%2Fv2%2Ftags&post=25209"}],"curies":[{"name":"wp","href":"https:\/\/api.w.org\/{rel}","templated":true}]}}