{"id":25201,"date":"2023-03-20T02:09:28","date_gmt":"2023-03-20T02:09:28","guid":{"rendered":"http:\/\/elcensornoticias.com\/?p=25201"},"modified":"2023-03-20T02:09:32","modified_gmt":"2023-03-20T02:09:32","slug":"en-los-pinos-la-nueva-galeria-fonart","status":"publish","type":"post","link":"http:\/\/elcensornoticias.com\/?p=25201","title":{"rendered":"En Los Pinos, la nueva Galer\u00eda Fonart"},"content":{"rendered":"\n<p>En el marco de las actividades para conmemorar el D\u00eda de las Artesanas y los Artesanos, la Secretar\u00eda de Cultura del Gobierno de M\u00e9xico inaugur\u00f3 en el Complejo Cultural Los Pinos la Galer\u00eda Fonart, un nuevo espacio donde se podr\u00e1 conocer y difundir el arte tradicional de las culturas de M\u00e9xico.<\/p>\n\n\n\n<p>Durante la inauguraci\u00f3n, que se llev\u00f3 a cabo este domingo 19 de marzo, la secretaria de Cultura del Gobierno de M\u00e9xico, Alejandra Frausto Guerrero, afirm\u00f3: \u201cDeb\u00edamos tener un espacio exclusivo dedicado a las y los artesanos de M\u00e9xico, al&nbsp;Fondo Nacional para el Fomento de las Artesan\u00edas (Fonart), instituci\u00f3n que ha cuidado durante muchos a\u00f1os este trabajo. Hoy estamos conmemorando a las artesanas y artesanos abriendo este espacio que nunca dejar\u00e1 de ser suyo. Este espacio que tienen ustedes no solo para vender sino para poder comunicar sobre su arte, el simbolismo que tiene, el poder que tiene, la profundidad que tiene\u201d.<\/p>\n\n\n\n<p>Destac\u00f3 que, en los lugares donde hay m\u00e1s pobreza son los mismos que tienen m\u00e1s riqueza cultural: son los pueblos y comunidades ind\u00edgenas y afrodescendientes, que han resistido defendiendo su tierra, su lengua y su tradici\u00f3n y, ahora est\u00e1n al centro de las acciones.&nbsp;<\/p>\n\n\n\n<p>\u201cEsta idea odiosa de separarnos, que alguien est\u00e1 por encima de otros, estuvo muchos a\u00f1os, pero hoy el coraz\u00f3n lo tenemos aqu\u00ed afuera, se siente muy fuerte recuperar la dignidad, recuperar el gozo por reconocer quienes somos. Estas culturas han resistido de todo: discriminaci\u00f3n, violencia, abuso y ahora est\u00e1n habitando, como los verdaderos soberanos de este pa\u00eds, la casa que les corresponde, que es la residencia oficial del pueblo de M\u00e9xico gracias a que el presidente Andr\u00e9s Manuel Lopez Obrador la abri\u00f3 para las culturas de M\u00e9xico\u201d.<\/p>\n\n\n\n<p>Destac\u00f3 tambi\u00e9n que, en este espacio adem\u00e1s de tener la expoventa, se tendr\u00e1 un mural colectivo, que mostrar\u00e1 la diversidad de arte popular que hay en todo el pa\u00eds.<\/p>\n\n\n\n<p>Al hacer uso de la voz, la directora del Fonart, Emma Yanes Rizo, expuso que las creaciones gr\u00e1ficas hist\u00f3ricas, tanto de la tradici\u00f3n cat\u00f3lica como en las culturas prehisp\u00e1nicas, siempre se ha reconocido la labor artesanal \u201clas y los artesanos ocuparon un lugar estelar dentro de la labor de nuestra sociedad y por ello hemos sugerido que sea el d\u00eda del artesano y de la artesana, para que claramente se d\u00e9 lugar a las grandes creadoras de nuestro pa\u00eds\u201d.<\/p>\n\n\n\n<p>As\u00ed mismo, afirm\u00f3: \u201cEste espacio es una manera de recuperar de manera digna lo que antes se usaba de forma privada por los presidentes. La tienda de Fonart tendr\u00e1 como objetivo no solo vender, sino mostrar toda la riqueza artesanal del pa\u00eds en conjunto con este centro cultural que es Cencalli, la venta de productos org\u00e1nicos, para mostrar que se puede hacer cultura sin violencia\u201d.&nbsp;<\/p>\n\n\n\n<p>El director del Complejo Cultural Los Pinos, Homero Fern\u00e1ndez Pedroza, dijo: \u201cEs un sue\u00f1o hecho realidad y un esfuerzo de muchas personas, todos estos equipos hemos hecho mucho esfuerzo para transformar este lugar y ahora, abrir este espacio para las y los artesanos\u201d.&nbsp;<\/p>\n\n\n\n<p>En tanto, la maestra artesana de Tlaquilpa, Veracruz, y miembro del consejo ORIGINAL, Nancy Ignacia Carbajal Garc\u00eda, agradeci\u00f3 al Gobierno de M\u00e9xico la oportunidad de dar a conocer el trabajo que las y los artesanos de todo el pa\u00eds han mantenido vivo y, ahora, darlo a conocer tambi\u00e9n a nuevas generaciones. \u201cQuiero agradecer al presidente Andr\u00e9s Manuel Lopez Obrador que nos abriera las puertas para que hoy, D\u00eda del artesano, lo festejemos as\u00ed, a lo grande, en la casa que nos corresponde\u201d.&nbsp;<\/p>\n\n\n\n<p>A su vez, de San Isidro Buensuceso, Tlaxcala, Virginia Ver\u00f3nica Arce Arce, dijo: \u201cGracias porque nos abren m\u00e1s puertas para que podamos ofrecer nuestros productos, para que la gente pueda conocer lo que hacemos con nuestras manos\u201d.&nbsp;<\/p>\n\n\n\n<p>El artista Santiago Alejandro Celis, de Xalitla, Guerrero, quien colabora en la elaboraci\u00f3n de mural, coment\u00f3: \u201csomos ese M\u00e9xico que se niega a morir. Perseguidos muchas veces, ignorados muchas m\u00e1s, somos ese M\u00e9xico que muchas veces pretenden pisotear, pero estamos m\u00e1s vivos que nunca. Estamos presentes y queremos seguir en la historia de este pa\u00eds. Seguimos siendo y seguimos expresando arte, eso es lo que hacemos, arte&#8230; En este mural, que se nos ha dado la confianza, esperemos que nuestras hermanas y hermanos artesanos del pa\u00eds se sientan representados\u201d.<\/p>\n\n\n\n<p>La cocinera tradicional y artesana Amalia Salas Casales reconoci\u00f3 la importancia de que el gobierno del presidente Andr\u00e9s Manuel Lopez Obrador dignifique el trabajo artesanal. \u201cFueron a\u00f1os de sufrimiento, de andarnos escondiendo para poder vender nuestra artesan\u00eda y hoy mi coraz\u00f3n est\u00e1 hinchado de emoci\u00f3n que est\u00e1n haciendo esto, porque nosotros trabajamos con amor y respeto, y ahora estoy feliz\u201d.<\/p>\n\n\n\n<p>Como parte de la ceremonia de inauguraci\u00f3n, se cont\u00f3 con la presencia de&nbsp;Las Pastoras de Amealco, del estado de Quer\u00e9taro, quienes con su danza imprimieron m\u00edstica especial a este evento, adem\u00e1s de la expoventa de&nbsp;20&nbsp;artesanas y artesanos de varias partes del pa\u00eds,&nbsp;que han sido tanto invitados de ORIGINAL. Encuentro de Arte Textil Mexicano,&nbsp;o de Fonart, con artesan\u00edas de todo tipo, barro, vidrio, textil entre otras t\u00e9cnicas.<\/p>\n\n\n\n<p>La Galer\u00eda Fonart re\u00fane m\u00e1s de 5,900 piezas de alfarer\u00eda, cantera y lapidaria, fibras vegetales, instrumentos musicales, juguetes, maque y laca, metalista, muebles, papel y cartoner\u00eda, pintura popular, talabarter\u00eda y textiles de 19 entidades del pa\u00eds, como son: Puebla, Tlaxcala, Oaxaca, Chihuahua, San Luis Potos\u00ed, Hidalgo y Guerrero, entre otros. Abrir\u00e1 al p\u00fablico en el mismo horario de atenci\u00f3n que el Complejo Cultural Los Pinos, es decir, de martes a&nbsp;domingo de 11:00 a 18:00&nbsp;horas.&nbsp;<\/p>\n\n\n\n<p>A las actividades de esta celebraci\u00f3n, se uni\u00f3 la presentaci\u00f3n de grupos musicales del circuito \u201cRa\u00edz M\u00e9xico\u201d con un nutrido programa de artistas como Botes que cantan, espect\u00e1culo musical para ni\u00f1as y ni\u00f1os; Celtillo Folk, m\u00fasica conceptual y folk procedente de Saltillo, Coahuila;&nbsp;Cinthya Morado&nbsp;del estado de Nayarit con su propuesta musical&nbsp;Vi un \u00e1rbol, as\u00ed como&nbsp;Miguel \u00c1ngel Rico Romero, de Morelos, con su proyecto Feeling Mandeng.<\/p>\n","protected":false},"excerpt":{"rendered":"<p>En el marco de las actividades para conmemorar el D\u00eda de las Artesanas y los Artesanos, la Secretar\u00eda de Cultura del Gobierno de M\u00e9xico inaugur\u00f3 en el Complejo Cultural Los Pinos la Galer\u00eda Fonart, un nuevo espacio donde se podr\u00e1 conocer y difundir el arte tradicional de las culturas de M\u00e9xico. Durante la inauguraci\u00f3n, que [&hellip;]<\/p>\n","protected":false},"author":1,"featured_media":25202,"comment_status":"open","ping_status":"open","sticky":false,"template":"","format":"standard","meta":{"advanced_seo_description":"","jetpack_seo_html_title":"","jetpack_seo_noindex":false,"footnotes":"","jetpack_publicize_message":"","jetpack_is_tweetstorm":false,"jetpack_publicize_feature_enabled":true,"jetpack_social_post_already_shared":true,"jetpack_social_options":{"image_generator_settings":{"template":"highway","enabled":false}}},"categories":[26,4],"tags":[],"class_list":["post-25201","post","type-post","status-publish","format-standard","has-post-thumbnail","hentry","category-cultura","category-noticias"],"jetpack_publicize_connections":[],"jetpack_featured_media_url":"http:\/\/elcensornoticias.com\/wp-content\/uploads\/2023\/03\/Foto_Edoardo-Esparza-Chavarria_Secretaria-de-Cultura-1.jpeg","jetpack_likes_enabled":true,"jetpack_sharing_enabled":true,"jetpack_shortlink":"https:\/\/wp.me\/p6xy50-6yt","_links":{"self":[{"href":"http:\/\/elcensornoticias.com\/index.php?rest_route=\/wp\/v2\/posts\/25201","targetHints":{"allow":["GET"]}}],"collection":[{"href":"http:\/\/elcensornoticias.com\/index.php?rest_route=\/wp\/v2\/posts"}],"about":[{"href":"http:\/\/elcensornoticias.com\/index.php?rest_route=\/wp\/v2\/types\/post"}],"author":[{"embeddable":true,"href":"http:\/\/elcensornoticias.com\/index.php?rest_route=\/wp\/v2\/users\/1"}],"replies":[{"embeddable":true,"href":"http:\/\/elcensornoticias.com\/index.php?rest_route=%2Fwp%2Fv2%2Fcomments&post=25201"}],"version-history":[{"count":1,"href":"http:\/\/elcensornoticias.com\/index.php?rest_route=\/wp\/v2\/posts\/25201\/revisions"}],"predecessor-version":[{"id":25203,"href":"http:\/\/elcensornoticias.com\/index.php?rest_route=\/wp\/v2\/posts\/25201\/revisions\/25203"}],"wp:featuredmedia":[{"embeddable":true,"href":"http:\/\/elcensornoticias.com\/index.php?rest_route=\/wp\/v2\/media\/25202"}],"wp:attachment":[{"href":"http:\/\/elcensornoticias.com\/index.php?rest_route=%2Fwp%2Fv2%2Fmedia&parent=25201"}],"wp:term":[{"taxonomy":"category","embeddable":true,"href":"http:\/\/elcensornoticias.com\/index.php?rest_route=%2Fwp%2Fv2%2Fcategories&post=25201"},{"taxonomy":"post_tag","embeddable":true,"href":"http:\/\/elcensornoticias.com\/index.php?rest_route=%2Fwp%2Fv2%2Ftags&post=25201"}],"curies":[{"name":"wp","href":"https:\/\/api.w.org\/{rel}","templated":true}]}}