{"id":25198,"date":"2023-03-20T02:05:41","date_gmt":"2023-03-20T02:05:41","guid":{"rendered":"http:\/\/elcensornoticias.com\/?p=25198"},"modified":"2023-03-20T02:05:51","modified_gmt":"2023-03-20T02:05:51","slug":"talleres-para-construir-las-memorias-comunitarias-en-tlaxcala","status":"publish","type":"post","link":"http:\/\/elcensornoticias.com\/?p=25198","title":{"rendered":"TALLERES PARA CONSTRUIR LAS MEMORIAS COMUNITARIAS EN TLAXCALA"},"content":{"rendered":"\n<p>Responden a las necesidades del lugar por la conservaci\u00f3n de los bienes patrimoniales<br>El gobierno del estado, a trav\u00e9s de la Secretar\u00eda de Cultura (SC), inaugur\u00f3 los \u201cTalleres para construir las memorias comunitarias en Tlaxcala, cap\u00edtulo San Sim\u00f3n Tlatlahuquitepec\u201d, en conjunto con la Coordinaci\u00f3n Nacional Memoria Hist\u00f3rica y Cultural de M\u00e9xico, cuyo fin es la preservaci\u00f3n, cuidado y digitalizaci\u00f3n del patrimonio hist\u00f3rico, art\u00edstico y documental del pa\u00eds.<br>El ciclo de talleres responde a las necesidades del lugar por la conservaci\u00f3n de los bienes patrimoniales que se encuentren en buenas condiciones y deben de ser estudiados y difundidos.<br>La encargada de la Direcci\u00f3n de Planeaci\u00f3n y Relaciones Institucionales del Archivo General de la Naci\u00f3n, Donaj\u00ed Morales P\u00e9rez coment\u00f3 que \u201cel 29 de agosto del 2022, la Oficina para Memoria Hist\u00f3rica de M\u00e9xico se comprometi\u00f3 con la Secretar\u00eda de Cultura en Tlaxcala, para trabajar en el rescate y digitalizaci\u00f3n de este archivo comunitario que pertenece a todo San Sim\u00f3n Tlatlahuquitepec, y solo de manera conjunta, se pudo poner en marcha\u201d.<br>En tanto, el secretario de Cultura en la entidad, Antonio Mart\u00ednez Vel\u00e1zquez mencion\u00f3 que \u201ceste proyecto es de suma importancia para nosotros, porque desde hace muchos a\u00f1os la comunidad de San Sim\u00f3n Tlatlahuquitepec, municipio de Xaltocan, ha sido un referente en el tema de archivos hist\u00f3ricos, en la calidad e importancia de los documentos que poseen, los archivos deben de estar vivos dentro sus comunidades y esa es la visi\u00f3n de nuestra administraci\u00f3n, queremos que toda la comunidad y que sobre todo las nuevas generaciones puedan apropiarse de este archivo, de su cuidado, de concientizar la responsabilidad que tiene a nivel mundial\u201d.<br>Los talleres son abiertos a todo p\u00fablico y gratuitos, se imparten en la sala contigua del patio de la fiscal\u00eda del templo de San Sim\u00f3n Tlatlahuquitepec y se har\u00e1n un fin de semana cada mes, desde marzo hasta noviembre, despu\u00e9s de este ciclo, se replicar\u00e1 en distintas comunidades.<br>En la inauguraci\u00f3n tambi\u00e9n estuvo presente el presidente del Comit\u00e9 de Preservaci\u00f3n y Conservaci\u00f3n de Bienes Patrimoniales del pueblo originario de Tlatlahuquitepec, Jos\u00e9 Emilio Lozano Rodr\u00edguez; el tiaxca de la comunidad,&nbsp; Ignacio Casauz Lozano; la escribana, Marisol Camacho Dom\u00ednguez; el cronista de la comunidad, Valent\u00edn \u00c1vila Olgu\u00edn; el presidente de cronistas e historiadores de Tlaxcala, Mario Alberto Bojalil y en representaci\u00f3n del Archivo Hist\u00f3rico del estado, Elizabeth Trevi\u00f1o de Ita.<\/p>\n","protected":false},"excerpt":{"rendered":"<p>Responden a las necesidades del lugar por la conservaci\u00f3n de los bienes patrimonialesEl gobierno del estado, a trav\u00e9s de la Secretar\u00eda de Cultura (SC), inaugur\u00f3 los \u201cTalleres para construir las memorias comunitarias en Tlaxcala, cap\u00edtulo San Sim\u00f3n Tlatlahuquitepec\u201d, en conjunto con la Coordinaci\u00f3n Nacional Memoria Hist\u00f3rica y Cultural de M\u00e9xico, cuyo fin es la preservaci\u00f3n, [&hellip;]<\/p>\n","protected":false},"author":1,"featured_media":25199,"comment_status":"open","ping_status":"open","sticky":false,"template":"","format":"standard","meta":{"advanced_seo_description":"","jetpack_seo_html_title":"","jetpack_seo_noindex":false,"footnotes":"","jetpack_publicize_message":"","jetpack_is_tweetstorm":false,"jetpack_publicize_feature_enabled":true,"jetpack_social_post_already_shared":true,"jetpack_social_options":{"image_generator_settings":{"template":"highway","enabled":false}}},"categories":[26,4],"tags":[],"class_list":["post-25198","post","type-post","status-publish","format-standard","has-post-thumbnail","hentry","category-cultura","category-noticias"],"jetpack_publicize_connections":[],"jetpack_featured_media_url":"http:\/\/elcensornoticias.com\/wp-content\/uploads\/2023\/03\/IMG-20230319-WA0021-1.jpg","jetpack_likes_enabled":true,"jetpack_sharing_enabled":true,"jetpack_shortlink":"https:\/\/wp.me\/p6xy50-6yq","_links":{"self":[{"href":"http:\/\/elcensornoticias.com\/index.php?rest_route=\/wp\/v2\/posts\/25198","targetHints":{"allow":["GET"]}}],"collection":[{"href":"http:\/\/elcensornoticias.com\/index.php?rest_route=\/wp\/v2\/posts"}],"about":[{"href":"http:\/\/elcensornoticias.com\/index.php?rest_route=\/wp\/v2\/types\/post"}],"author":[{"embeddable":true,"href":"http:\/\/elcensornoticias.com\/index.php?rest_route=\/wp\/v2\/users\/1"}],"replies":[{"embeddable":true,"href":"http:\/\/elcensornoticias.com\/index.php?rest_route=%2Fwp%2Fv2%2Fcomments&post=25198"}],"version-history":[{"count":1,"href":"http:\/\/elcensornoticias.com\/index.php?rest_route=\/wp\/v2\/posts\/25198\/revisions"}],"predecessor-version":[{"id":25200,"href":"http:\/\/elcensornoticias.com\/index.php?rest_route=\/wp\/v2\/posts\/25198\/revisions\/25200"}],"wp:featuredmedia":[{"embeddable":true,"href":"http:\/\/elcensornoticias.com\/index.php?rest_route=\/wp\/v2\/media\/25199"}],"wp:attachment":[{"href":"http:\/\/elcensornoticias.com\/index.php?rest_route=%2Fwp%2Fv2%2Fmedia&parent=25198"}],"wp:term":[{"taxonomy":"category","embeddable":true,"href":"http:\/\/elcensornoticias.com\/index.php?rest_route=%2Fwp%2Fv2%2Fcategories&post=25198"},{"taxonomy":"post_tag","embeddable":true,"href":"http:\/\/elcensornoticias.com\/index.php?rest_route=%2Fwp%2Fv2%2Ftags&post=25198"}],"curies":[{"name":"wp","href":"https:\/\/api.w.org\/{rel}","templated":true}]}}