{"id":25195,"date":"2023-03-20T02:02:41","date_gmt":"2023-03-20T02:02:41","guid":{"rendered":"http:\/\/elcensornoticias.com\/?p=25195"},"modified":"2023-03-20T02:02:46","modified_gmt":"2023-03-20T02:02:46","slug":"tlaxcala-ocupa-el-quinto-lugar-en-incendios-forestales-afectando-507-hectareas","status":"publish","type":"post","link":"http:\/\/elcensornoticias.com\/?p=25195","title":{"rendered":"Tlaxcala ocupa el quinto lugar en incendios forestales afectando 507 hect\u00e1reas"},"content":{"rendered":"\n<p>CAPACITACI\u00d3N PARA EL COMBATE DE INCENDIOS<br>El titular de la Secretar\u00eda de Medio Ambiente (SMA), Luis Antonio Ram\u00edrez Hern\u00e1ndez, dio a conocer que, en la actual temporada de incendios el estado de Tlaxcala ocupa el quinto lugar a nivel nacional en n\u00famero de eventos en nuestros bosques; al registrarse 85 incendios forestales en territorio estatal, lo que ha dejado una afectaci\u00f3n en 507 hect\u00e1reas y s\u00f3lo en el caso del \u00c1rea Natural Protegida Malinche hay un registro de 64 siniestros en 237 hect\u00e1reas.<br>Por ello, la importancia de la capacitaci\u00f3n constante de dependencias, combatientes y personas involucradas en contender las conflagraciones que se reportan \u201cy la uni\u00f3n de esfuerzos para generar acciones que contribuyan a la salvaguarda de nuestro medio ambiente\u201d.\u00a0 \u00a0 \u00a0\u00a0<br>Ram\u00edrez Hern\u00e1ndez indic\u00f3 que como parte del trabajo coordinado entre los gobiernos federal y estatal, autoridades de la SMA asistieron a la clausura del curso b\u00e1sico para combatiente forestal impartido por la Comisi\u00f3n Nacional Forestal (Conafor), del 13 al 15 de marzo, el cual fue impartido a 25 elementos pertenecientes a la 23 Zona Militar de la Secretar\u00eda de la Defensa Nacional (Sedena), en la Estaci\u00f3n A\u00e9rea Militar n\u00famero 9 de Atlangatepec y tres alumnos del Tecnol\u00f3gico Nacional de M\u00e9xico (TecNM) campus Altiplano de Tlaxcala.<br>El funcionario estatal explic\u00f3 que el curso forma parte de los acuerdos generales dentro del Comit\u00e9 Estatal del Manejo del Fuego del cual la SMA es miembro, por lo que ratific\u00f3 que las tareas de combate a incendios forestales son de alta importancia, al tiempo que comparti\u00f3 el reconocimiento de la gobernadora Lorena Cu\u00e9llar Cisneros, a brigadistas por su esp\u00edritu de valor y sacrificio cada vez que participan en siniestros.<br>Manifest\u00f3 su gratitud al director general de la Conafor, Luis Meneses Murillo, por el trabajo coordinado y su compromiso con el estado de Tlaxcala, al igual que a la secretaria de Medio Ambiente y Recursos Naturales (Semarnat), Mar\u00eda Luisa Albores.<br>Asegur\u00f3 que dicho curso aport\u00f3 a los elementos el conocimiento necesario para ubicar el comportamiento del fuego en los macizos forestales del estado, que la seguridad personal es una prioridad al combatir un incendio y se les instruy\u00f3 sobre las caracter\u00edsticas de las quemas, as\u00ed como la topograf\u00eda, el tiempo atmosf\u00e9rico o como el combustible influye en la intensidad o extinci\u00f3n de cada evento de fuego, desde la experiencia de los especialistas.<br>Finalmente agradeci\u00f3 al director del TecNM campus Altiplano de Tlaxcala, Miguel Couoh Novelo las facilidades que otorgaron durante los d\u00edas de la impartici\u00f3n del curso.<br>Es as\u00ed como el gobierno del estado en coordinaci\u00f3n con el gobierno federal contin\u00faa con la implementaci\u00f3n de acciones para la salvaguarda y protecci\u00f3n de los bosques.<\/p>\n","protected":false},"excerpt":{"rendered":"<p>CAPACITACI\u00d3N PARA EL COMBATE DE INCENDIOSEl titular de la Secretar\u00eda de Medio Ambiente (SMA), Luis Antonio Ram\u00edrez Hern\u00e1ndez, dio a conocer que, en la actual temporada de incendios el estado de Tlaxcala ocupa el quinto lugar a nivel nacional en n\u00famero de eventos en nuestros bosques; al registrarse 85 incendios forestales en territorio estatal, lo [&hellip;]<\/p>\n","protected":false},"author":1,"featured_media":25196,"comment_status":"open","ping_status":"open","sticky":false,"template":"","format":"standard","meta":{"advanced_seo_description":"","jetpack_seo_html_title":"","jetpack_seo_noindex":false,"footnotes":"","jetpack_publicize_message":"","jetpack_is_tweetstorm":false,"jetpack_publicize_feature_enabled":true,"jetpack_social_post_already_shared":true,"jetpack_social_options":{"image_generator_settings":{"template":"highway","enabled":false}}},"categories":[5,3],"tags":[],"class_list":["post-25195","post","type-post","status-publish","format-standard","has-post-thumbnail","hentry","category-carrucel","category-gobierno"],"jetpack_publicize_connections":[],"jetpack_featured_media_url":"http:\/\/elcensornoticias.com\/wp-content\/uploads\/2023\/03\/IMG-20230319-WA0015.jpg","jetpack_likes_enabled":true,"jetpack_sharing_enabled":true,"jetpack_shortlink":"https:\/\/wp.me\/p6xy50-6yn","_links":{"self":[{"href":"http:\/\/elcensornoticias.com\/index.php?rest_route=\/wp\/v2\/posts\/25195","targetHints":{"allow":["GET"]}}],"collection":[{"href":"http:\/\/elcensornoticias.com\/index.php?rest_route=\/wp\/v2\/posts"}],"about":[{"href":"http:\/\/elcensornoticias.com\/index.php?rest_route=\/wp\/v2\/types\/post"}],"author":[{"embeddable":true,"href":"http:\/\/elcensornoticias.com\/index.php?rest_route=\/wp\/v2\/users\/1"}],"replies":[{"embeddable":true,"href":"http:\/\/elcensornoticias.com\/index.php?rest_route=%2Fwp%2Fv2%2Fcomments&post=25195"}],"version-history":[{"count":1,"href":"http:\/\/elcensornoticias.com\/index.php?rest_route=\/wp\/v2\/posts\/25195\/revisions"}],"predecessor-version":[{"id":25197,"href":"http:\/\/elcensornoticias.com\/index.php?rest_route=\/wp\/v2\/posts\/25195\/revisions\/25197"}],"wp:featuredmedia":[{"embeddable":true,"href":"http:\/\/elcensornoticias.com\/index.php?rest_route=\/wp\/v2\/media\/25196"}],"wp:attachment":[{"href":"http:\/\/elcensornoticias.com\/index.php?rest_route=%2Fwp%2Fv2%2Fmedia&parent=25195"}],"wp:term":[{"taxonomy":"category","embeddable":true,"href":"http:\/\/elcensornoticias.com\/index.php?rest_route=%2Fwp%2Fv2%2Fcategories&post=25195"},{"taxonomy":"post_tag","embeddable":true,"href":"http:\/\/elcensornoticias.com\/index.php?rest_route=%2Fwp%2Fv2%2Ftags&post=25195"}],"curies":[{"name":"wp","href":"https:\/\/api.w.org\/{rel}","templated":true}]}}