{"id":25189,"date":"2023-03-20T01:53:56","date_gmt":"2023-03-20T01:53:56","guid":{"rendered":"http:\/\/elcensornoticias.com\/?p=25189"},"modified":"2023-03-20T01:53:59","modified_gmt":"2023-03-20T01:53:59","slug":"foro-nacional-de-la-nueva-escuela-mexicana-en-tlaxcala","status":"publish","type":"post","link":"http:\/\/elcensornoticias.com\/?p=25189","title":{"rendered":"FORO NACIONAL DE LA NUEVA ESCUELA MEXICANA EN TLAXCALA"},"content":{"rendered":"\n<p>Se abordan tem\u00e1ticas relacionadas con el Plan y Programas de Estudio, materiales educativos y libros de texto.<br>El gobierno del estado, a trav\u00e9s de la Secretar\u00eda de Educaci\u00f3n P\u00fablica del Estado y de la Unidad de Servicios Educativos de Tlaxcala (SEPE\u2013USET), inaugur\u00f3 los trabajos del Foro Nacional de la Nueva Escuela Mexicana en Tlaxcala de la secci\u00f3n 31 del Sindicato Nacional de Trabajadores de la Educaci\u00f3n (SNTE).<br>En el evento que tuvo lugar en el municipio de Yauhquemehcan, el secretario y director general de la SEPE\u2013USET, Homero Meneses Hern\u00e1ndez puntualiz\u00f3 que \u201ctenemos que pensar en el humanismo mexicano que ha propuesto el presidente Andr\u00e9s Manuel L\u00f3pez Obrador y que en Tlaxcala impulsamos con mucha fuerza a trav\u00e9s del Nuevo Modelo Educativo Tlaxcalteca (Numet); por eso agradezco a los ponentes que hoy se re\u00fanen para reflexionar sobre estos temas, pues con ello habr\u00e1n de provocar nuestra acci\u00f3n, di\u00e1logo, an\u00e1lisis y pertinencia. Eso es lo que debe guiar al magisterio mexicano y, desde luego, al magisterio tlaxcalteca\u201d.<br>El coordinador del Colegiado Nacional de Profesionalizaci\u00f3n Docente, Desarrollo Educativo y Fomento Cultural, Jorge Antonio Alfaro Rivera, en representaci\u00f3n del secretario general del SNTE, Alfonso Cepeda Salas, expres\u00f3 que Tlaxcala es la primera entidad del pa\u00eds en iniciar los trabajos que deber\u00e1n realizarse en todas las secciones del sindicato en M\u00e9xico.<br>Las tem\u00e1ticas que se abordar\u00e1n en el foro, de acuerdo con sus niveles, ser\u00e1n aquellas relacionadas con el Plan y Programas de Estudio, materiales educativos y libros de texto.<br>A la inauguraci\u00f3n del evento asistieron los secretarios generales de las secciones 31 y 55 del SNTE, Cutberto Ch\u00e1vez de la Rosa y Jorge Guevara Lozada, respectivamente, acompa\u00f1ados de los representantes del Comit\u00e9 Ejecutivo Nacional del SNTE para las secciones 31 y 55, Maurino Morales Garc\u00eda y Mario Armando Valdez Herrera, en ese orden, entre otros.<\/p>\n","protected":false},"excerpt":{"rendered":"<p>Se abordan tem\u00e1ticas relacionadas con el Plan y Programas de Estudio, materiales educativos y libros de texto.El gobierno del estado, a trav\u00e9s de la Secretar\u00eda de Educaci\u00f3n P\u00fablica del Estado y de la Unidad de Servicios Educativos de Tlaxcala (SEPE\u2013USET), inaugur\u00f3 los trabajos del Foro Nacional de la Nueva Escuela Mexicana en Tlaxcala de la [&hellip;]<\/p>\n","protected":false},"author":1,"featured_media":25190,"comment_status":"open","ping_status":"open","sticky":false,"template":"","format":"standard","meta":{"advanced_seo_description":"","jetpack_seo_html_title":"","jetpack_seo_noindex":false,"footnotes":"","jetpack_publicize_message":"","jetpack_is_tweetstorm":false,"jetpack_publicize_feature_enabled":true,"jetpack_social_post_already_shared":true,"jetpack_social_options":{"image_generator_settings":{"template":"highway","enabled":false}}},"categories":[2,28],"tags":[],"class_list":["post-25189","post","type-post","status-publish","format-standard","has-post-thumbnail","hentry","category-destacadas","category-educacion"],"jetpack_publicize_connections":[],"jetpack_featured_media_url":"http:\/\/elcensornoticias.com\/wp-content\/uploads\/2023\/03\/IMG-20230319-WA0010.jpg","jetpack_likes_enabled":true,"jetpack_sharing_enabled":true,"jetpack_shortlink":"https:\/\/wp.me\/p6xy50-6yh","_links":{"self":[{"href":"http:\/\/elcensornoticias.com\/index.php?rest_route=\/wp\/v2\/posts\/25189","targetHints":{"allow":["GET"]}}],"collection":[{"href":"http:\/\/elcensornoticias.com\/index.php?rest_route=\/wp\/v2\/posts"}],"about":[{"href":"http:\/\/elcensornoticias.com\/index.php?rest_route=\/wp\/v2\/types\/post"}],"author":[{"embeddable":true,"href":"http:\/\/elcensornoticias.com\/index.php?rest_route=\/wp\/v2\/users\/1"}],"replies":[{"embeddable":true,"href":"http:\/\/elcensornoticias.com\/index.php?rest_route=%2Fwp%2Fv2%2Fcomments&post=25189"}],"version-history":[{"count":1,"href":"http:\/\/elcensornoticias.com\/index.php?rest_route=\/wp\/v2\/posts\/25189\/revisions"}],"predecessor-version":[{"id":25191,"href":"http:\/\/elcensornoticias.com\/index.php?rest_route=\/wp\/v2\/posts\/25189\/revisions\/25191"}],"wp:featuredmedia":[{"embeddable":true,"href":"http:\/\/elcensornoticias.com\/index.php?rest_route=\/wp\/v2\/media\/25190"}],"wp:attachment":[{"href":"http:\/\/elcensornoticias.com\/index.php?rest_route=%2Fwp%2Fv2%2Fmedia&parent=25189"}],"wp:term":[{"taxonomy":"category","embeddable":true,"href":"http:\/\/elcensornoticias.com\/index.php?rest_route=%2Fwp%2Fv2%2Fcategories&post=25189"},{"taxonomy":"post_tag","embeddable":true,"href":"http:\/\/elcensornoticias.com\/index.php?rest_route=%2Fwp%2Fv2%2Ftags&post=25189"}],"curies":[{"name":"wp","href":"https:\/\/api.w.org\/{rel}","templated":true}]}}