{"id":25186,"date":"2023-03-20T01:51:02","date_gmt":"2023-03-20T01:51:02","guid":{"rendered":"http:\/\/elcensornoticias.com\/?p=25186"},"modified":"2023-03-20T01:51:06","modified_gmt":"2023-03-20T01:51:06","slug":"en-panotla-aprehender-a-masculino-por-secuestro-agravado-y-delincuencia-organizada","status":"publish","type":"post","link":"http:\/\/elcensornoticias.com\/?p=25186","title":{"rendered":"EN PANOTLA APREHENDER A MASCULINO POR SECUESTRO AGRAVADO Y DELINCUENCIA ORGANIZADA"},"content":{"rendered":"\n<p>La Procuradur\u00eda General de Justicia del Estado (PGJE) a trav\u00e9s de la Fiscal\u00eda Especializada en Combate al Secuestro (FECS) en colaboraci\u00f3n con la Fiscal\u00eda General del Estado de Durango (FGED) y la Coordinaci\u00f3n Nacional Antisecuestro (Conase) aprehendieron a un masculino por los delitos de secuestro agravado y delincuencia organizada.<br>El 16 de noviembre de 2010, el ahora imputado en compa\u00f1\u00eda de otros dos masculinos privaron de la libertad a un hombre y posteriormente solicitaron la cantidad de cinco millones de pesos para liberar a la v\u00edctima.<br>Al ejecutar las investigaciones correspondientes la FGED, estas arrojaron que el indiciado particip\u00f3 en la negociaci\u00f3n y reclutamiento de los involucrados, adem\u00e1s de localizarlo en territorio tlaxcalteca, por lo que agentes de Investigaci\u00f3n de las diversas corporaciones detuvieron al masculino en el municipio de Panotla.<br>La Procuradur\u00eda General de Justicia del Estado de Tlaxcala, trabaja de acuerdo con los protocolos que marca la ley y conforme al convenio de colaboraci\u00f3n entre fiscal\u00edas y procuradur\u00edas para la ejecuci\u00f3n de mandamientos judiciales.<\/p>\n","protected":false},"excerpt":{"rendered":"<p>La Procuradur\u00eda General de Justicia del Estado (PGJE) a trav\u00e9s de la Fiscal\u00eda Especializada en Combate al Secuestro (FECS) en colaboraci\u00f3n con la Fiscal\u00eda General del Estado de Durango (FGED) y la Coordinaci\u00f3n Nacional Antisecuestro (Conase) aprehendieron a un masculino por los delitos de secuestro agravado y delincuencia organizada.El 16 de noviembre de 2010, el [&hellip;]<\/p>\n","protected":false},"author":1,"featured_media":25187,"comment_status":"open","ping_status":"open","sticky":false,"template":"","format":"standard","meta":{"advanced_seo_description":"","jetpack_seo_html_title":"","jetpack_seo_noindex":false,"footnotes":"","jetpack_publicize_message":"","jetpack_is_tweetstorm":false,"jetpack_publicize_feature_enabled":true,"jetpack_social_post_already_shared":true,"jetpack_social_options":{"image_generator_settings":{"template":"highway","enabled":false}}},"categories":[2,10],"tags":[],"class_list":["post-25186","post","type-post","status-publish","format-standard","has-post-thumbnail","hentry","category-destacadas","category-municipios"],"jetpack_publicize_connections":[],"jetpack_featured_media_url":"http:\/\/elcensornoticias.com\/wp-content\/uploads\/2023\/03\/Screenshot_20230319_112055.jpg","jetpack_likes_enabled":true,"jetpack_sharing_enabled":true,"jetpack_shortlink":"https:\/\/wp.me\/p6xy50-6ye","_links":{"self":[{"href":"http:\/\/elcensornoticias.com\/index.php?rest_route=\/wp\/v2\/posts\/25186","targetHints":{"allow":["GET"]}}],"collection":[{"href":"http:\/\/elcensornoticias.com\/index.php?rest_route=\/wp\/v2\/posts"}],"about":[{"href":"http:\/\/elcensornoticias.com\/index.php?rest_route=\/wp\/v2\/types\/post"}],"author":[{"embeddable":true,"href":"http:\/\/elcensornoticias.com\/index.php?rest_route=\/wp\/v2\/users\/1"}],"replies":[{"embeddable":true,"href":"http:\/\/elcensornoticias.com\/index.php?rest_route=%2Fwp%2Fv2%2Fcomments&post=25186"}],"version-history":[{"count":1,"href":"http:\/\/elcensornoticias.com\/index.php?rest_route=\/wp\/v2\/posts\/25186\/revisions"}],"predecessor-version":[{"id":25188,"href":"http:\/\/elcensornoticias.com\/index.php?rest_route=\/wp\/v2\/posts\/25186\/revisions\/25188"}],"wp:featuredmedia":[{"embeddable":true,"href":"http:\/\/elcensornoticias.com\/index.php?rest_route=\/wp\/v2\/media\/25187"}],"wp:attachment":[{"href":"http:\/\/elcensornoticias.com\/index.php?rest_route=%2Fwp%2Fv2%2Fmedia&parent=25186"}],"wp:term":[{"taxonomy":"category","embeddable":true,"href":"http:\/\/elcensornoticias.com\/index.php?rest_route=%2Fwp%2Fv2%2Fcategories&post=25186"},{"taxonomy":"post_tag","embeddable":true,"href":"http:\/\/elcensornoticias.com\/index.php?rest_route=%2Fwp%2Fv2%2Ftags&post=25186"}],"curies":[{"name":"wp","href":"https:\/\/api.w.org\/{rel}","templated":true}]}}