{"id":25152,"date":"2023-03-18T21:47:25","date_gmt":"2023-03-18T21:47:25","guid":{"rendered":"http:\/\/elcensornoticias.com\/?p=25152"},"modified":"2023-03-18T21:47:39","modified_gmt":"2023-03-18T21:47:39","slug":"jornada-de-cambio-climatico-con-municipios","status":"publish","type":"post","link":"http:\/\/elcensornoticias.com\/?p=25152","title":{"rendered":"JORNADA DE CAMBIO CLIM\u00c1TICO CON MUNICIPIOS"},"content":{"rendered":"\n<p>Visualizaron los impactos de este fen\u00f3meno en el estado, as\u00ed como las acciones para su mitigaci\u00f3n y adaptaci\u00f3n<br>En el marco del Programa Operativo Anual \u201cCombate al Cambio Clim\u00e1tico en el Estado de Tlaxcala\u201d, la administraci\u00f3n estatal que encabeza la gobernadora Lorena Cu\u00e9llar Cisneros, a trav\u00e9s de la Secretar\u00eda de Medio Ambiente (SMA), realiz\u00f3 la jornada de trabajo con municipios que cuentan con alguna categor\u00eda de vulnerabilidad, de acuerdo con el Atlas Nacional de Vulnerabilidad al Cambio Clim\u00e1tico, con el objetivo de promover el fortalecimiento de capacidades en la materia.<br>Durante la jornada, se establecieron conceptos b\u00e1sicos sobre el estado del tiempo, clima, efecto invernadero, cambio clim\u00e1tico, adaptaci\u00f3n y vulnerabilidad, adem\u00e1s de visualizar los impactos del cambio clim\u00e1tico en nuestro estado.<br>Por lo anterior, se present\u00f3 el proyecto \u201cPolinizando vida: Implementaci\u00f3n de espacios para polinizadores\u201d, que tiene el objetivo de promover la adaptaci\u00f3n al cambio clim\u00e1tico mediante el establecimiento de espacios verdes que puedan atraer a especies polinizadoras en lugares determinados de la entidad, con \u00e9nfasis en aquellos que tienen condiciones de vulnerabilidad al cambio clim\u00e1tico.<br>Para finalizar, se dieron a conocer a las y los participantes, la plataforma del Sistema de Informaci\u00f3n de la Agenda de Transparencia de Acciones Clim\u00e1ticas a Nivel Subnacional (SIAT-Subnacional), que conduce la Secretar\u00eda de Medio Ambiente y Recursos Naturales (Semarnat), con la que se podr\u00e1n identificar acciones de mitigaci\u00f3n y adaptaci\u00f3n al cambio clim\u00e1tico a nivel local para su puntual monitoreo y generaci\u00f3n de reportes.<br>A esta jornada asistieron autoridades de 24 municipios, entre alcaldes, \u00e1reas de medio ambiente, regidoras y regidores.<br>Con estas acciones, el gobierno del estado, a trav\u00e9s de la SMA, reafirma su compromiso de promover la acci\u00f3n clim\u00e1tica en la entidad, y dar cumplimiento al Programa 54 Gesti\u00f3n del Cambio Clim\u00e1tico contenido en el Plan Estatal de Desarrollo 2021\u20132027.<\/p>\n","protected":false},"excerpt":{"rendered":"<p>Visualizaron los impactos de este fen\u00f3meno en el estado, as\u00ed como las acciones para su mitigaci\u00f3n y adaptaci\u00f3nEn el marco del Programa Operativo Anual \u201cCombate al Cambio Clim\u00e1tico en el Estado de Tlaxcala\u201d, la administraci\u00f3n estatal que encabeza la gobernadora Lorena Cu\u00e9llar Cisneros, a trav\u00e9s de la Secretar\u00eda de Medio Ambiente (SMA), realiz\u00f3 la jornada [&hellip;]<\/p>\n","protected":false},"author":1,"featured_media":25153,"comment_status":"open","ping_status":"open","sticky":false,"template":"","format":"standard","meta":{"advanced_seo_description":"","jetpack_seo_html_title":"","jetpack_seo_noindex":false,"footnotes":"","jetpack_publicize_message":"","jetpack_is_tweetstorm":false,"jetpack_publicize_feature_enabled":true,"jetpack_social_post_already_shared":true,"jetpack_social_options":{"image_generator_settings":{"template":"highway","enabled":false}}},"categories":[2,3],"tags":[],"class_list":["post-25152","post","type-post","status-publish","format-standard","has-post-thumbnail","hentry","category-destacadas","category-gobierno"],"jetpack_publicize_connections":[],"jetpack_featured_media_url":"http:\/\/elcensornoticias.com\/wp-content\/uploads\/2023\/03\/IMG-20230318-WA0012.jpg","jetpack_likes_enabled":true,"jetpack_sharing_enabled":true,"jetpack_shortlink":"https:\/\/wp.me\/p6xy50-6xG","_links":{"self":[{"href":"http:\/\/elcensornoticias.com\/index.php?rest_route=\/wp\/v2\/posts\/25152","targetHints":{"allow":["GET"]}}],"collection":[{"href":"http:\/\/elcensornoticias.com\/index.php?rest_route=\/wp\/v2\/posts"}],"about":[{"href":"http:\/\/elcensornoticias.com\/index.php?rest_route=\/wp\/v2\/types\/post"}],"author":[{"embeddable":true,"href":"http:\/\/elcensornoticias.com\/index.php?rest_route=\/wp\/v2\/users\/1"}],"replies":[{"embeddable":true,"href":"http:\/\/elcensornoticias.com\/index.php?rest_route=%2Fwp%2Fv2%2Fcomments&post=25152"}],"version-history":[{"count":1,"href":"http:\/\/elcensornoticias.com\/index.php?rest_route=\/wp\/v2\/posts\/25152\/revisions"}],"predecessor-version":[{"id":25154,"href":"http:\/\/elcensornoticias.com\/index.php?rest_route=\/wp\/v2\/posts\/25152\/revisions\/25154"}],"wp:featuredmedia":[{"embeddable":true,"href":"http:\/\/elcensornoticias.com\/index.php?rest_route=\/wp\/v2\/media\/25153"}],"wp:attachment":[{"href":"http:\/\/elcensornoticias.com\/index.php?rest_route=%2Fwp%2Fv2%2Fmedia&parent=25152"}],"wp:term":[{"taxonomy":"category","embeddable":true,"href":"http:\/\/elcensornoticias.com\/index.php?rest_route=%2Fwp%2Fv2%2Fcategories&post=25152"},{"taxonomy":"post_tag","embeddable":true,"href":"http:\/\/elcensornoticias.com\/index.php?rest_route=%2Fwp%2Fv2%2Ftags&post=25152"}],"curies":[{"name":"wp","href":"https:\/\/api.w.org\/{rel}","templated":true}]}}