{"id":25149,"date":"2023-03-18T21:45:56","date_gmt":"2023-03-18T21:45:56","guid":{"rendered":"http:\/\/elcensornoticias.com\/?p=25149"},"modified":"2023-03-18T21:45:57","modified_gmt":"2023-03-18T21:45:57","slug":"capacitacion-de-comisiones-mixtas-de-escalafon-y-carrera-administrativa","status":"publish","type":"post","link":"http:\/\/elcensornoticias.com\/?p=25149","title":{"rendered":"CAPACITACI\u00d3N DE COMISIONES MIXTAS DE ESCALAF\u00d3N Y CARRERA ADMINISTRATIVA"},"content":{"rendered":"\n<p>CLAUSURAN SEPE-USET LA JORNADA<\/p>\n\n\n\n<p>Importante reconocer la labor y compromiso de los trabajadores administrativos.<br>El gobierno de Tlaxcala, a trav\u00e9s de la Secretar\u00eda de Educaci\u00f3n P\u00fablica del Estado y la Unidad de Servicios Educativos del Estado de Tlaxcala (SEPE-USET), clausur\u00f3 la Jornada de Capacitaci\u00f3n de las comisiones mixtas que beneficiar\u00e1n al Personal de Apoyo y Asistencia a la Educaci\u00f3n (PAAE).<br>El secretario de Educaci\u00f3n, Homero Meneses Hern\u00e1ndez se\u00f1al\u00f3 que la Carrera Administrativa tard\u00f3 18 a\u00f1os en llegar a Tlaxcala y hoy es posible gracias al apoyo de la titular de la Secretar\u00eda de Educaci\u00f3n P\u00fablica (SEP), Leticia Ram\u00edrez Amaya y de la gobernadora Lorena Cu\u00e9llar Cisneros.<br>Ante supervisores, directores y jefes de sector de nivel primaria, que se reunieron en el auditorio de la Escuela Normal Urbana de Tlaxcala \u201cEmilio S\u00e1nchez Piedras\u201d, Meneses Hern\u00e1ndez pidi\u00f3 analizar su funci\u00f3n y no cometer injerencia sindical, pues \u201cse debe mantener una comunicaci\u00f3n directa a trav\u00e9s de las comisiones mixtas, pero siempre con pleno y absoluto respeto de sus derechos sindicales\u201d.<br>En este contexto, explic\u00f3 que los ejes para la mejora del PAAE, de manera horizontal, se logra con la Carrera Administrativa, Reconocimiento al personal y Escalaf\u00f3n del Grupo IV, adem\u00e1s de manera vertical se consigue con la Reuni\u00f3n de Estructuras para la Mejora Administrativa (REMA) y el empleado del mes.<br>Con estas acciones, el gobierno del estado favorece la educaci\u00f3n y la mejora administrativa en beneficio del sector educativo.<\/p>\n","protected":false},"excerpt":{"rendered":"<p>CLAUSURAN SEPE-USET LA JORNADA Importante reconocer la labor y compromiso de los trabajadores administrativos.El gobierno de Tlaxcala, a trav\u00e9s de la Secretar\u00eda de Educaci\u00f3n P\u00fablica del Estado y la Unidad de Servicios Educativos del Estado de Tlaxcala (SEPE-USET), clausur\u00f3 la Jornada de Capacitaci\u00f3n de las comisiones mixtas que beneficiar\u00e1n al Personal de Apoyo y Asistencia [&hellip;]<\/p>\n","protected":false},"author":1,"featured_media":25150,"comment_status":"open","ping_status":"open","sticky":false,"template":"","format":"standard","meta":{"advanced_seo_description":"","jetpack_seo_html_title":"","jetpack_seo_noindex":false,"footnotes":"","jetpack_publicize_message":"","jetpack_is_tweetstorm":false,"jetpack_publicize_feature_enabled":true,"jetpack_social_post_already_shared":true,"jetpack_social_options":{"image_generator_settings":{"template":"highway","enabled":false}}},"categories":[2,28],"tags":[],"class_list":["post-25149","post","type-post","status-publish","format-standard","has-post-thumbnail","hentry","category-destacadas","category-educacion"],"jetpack_publicize_connections":[],"jetpack_featured_media_url":"http:\/\/elcensornoticias.com\/wp-content\/uploads\/2023\/03\/IMG-20230318-WA0008.jpg","jetpack_likes_enabled":true,"jetpack_sharing_enabled":true,"jetpack_shortlink":"https:\/\/wp.me\/p6xy50-6xD","_links":{"self":[{"href":"http:\/\/elcensornoticias.com\/index.php?rest_route=\/wp\/v2\/posts\/25149","targetHints":{"allow":["GET"]}}],"collection":[{"href":"http:\/\/elcensornoticias.com\/index.php?rest_route=\/wp\/v2\/posts"}],"about":[{"href":"http:\/\/elcensornoticias.com\/index.php?rest_route=\/wp\/v2\/types\/post"}],"author":[{"embeddable":true,"href":"http:\/\/elcensornoticias.com\/index.php?rest_route=\/wp\/v2\/users\/1"}],"replies":[{"embeddable":true,"href":"http:\/\/elcensornoticias.com\/index.php?rest_route=%2Fwp%2Fv2%2Fcomments&post=25149"}],"version-history":[{"count":1,"href":"http:\/\/elcensornoticias.com\/index.php?rest_route=\/wp\/v2\/posts\/25149\/revisions"}],"predecessor-version":[{"id":25151,"href":"http:\/\/elcensornoticias.com\/index.php?rest_route=\/wp\/v2\/posts\/25149\/revisions\/25151"}],"wp:featuredmedia":[{"embeddable":true,"href":"http:\/\/elcensornoticias.com\/index.php?rest_route=\/wp\/v2\/media\/25150"}],"wp:attachment":[{"href":"http:\/\/elcensornoticias.com\/index.php?rest_route=%2Fwp%2Fv2%2Fmedia&parent=25149"}],"wp:term":[{"taxonomy":"category","embeddable":true,"href":"http:\/\/elcensornoticias.com\/index.php?rest_route=%2Fwp%2Fv2%2Fcategories&post=25149"},{"taxonomy":"post_tag","embeddable":true,"href":"http:\/\/elcensornoticias.com\/index.php?rest_route=%2Fwp%2Fv2%2Ftags&post=25149"}],"curies":[{"name":"wp","href":"https:\/\/api.w.org\/{rel}","templated":true}]}}