{"id":25137,"date":"2023-03-18T21:30:55","date_gmt":"2023-03-18T21:30:55","guid":{"rendered":"http:\/\/elcensornoticias.com\/?p=25137"},"modified":"2023-03-18T21:30:59","modified_gmt":"2023-03-18T21:30:59","slug":"jovenes-de-izquierda-como-factor-de-cambio-en-el-entorno-social","status":"publish","type":"post","link":"http:\/\/elcensornoticias.com\/?p=25137","title":{"rendered":"\u201cJ\u00f3venes de Izquierda como factor de cambio en el entorno social\u201d"},"content":{"rendered":"\n<p><em>El curso se impartir\u00e1 todos los viernes hasta el mes de mayo<\/em><\/p>\n\n\n\n<p>El Sal\u00f3n Blanco del Palacio Legislativo fue la sede para dar inicio al curso \u201cJ\u00f3venes de Izquierda como factor de cambio en el entorno social\u201d, dirigido a las juventudes tlaxcaltecas bajo el objetivo de promover la participaci\u00f3n social y pol\u00edtica de este sector etario y proporcionar las herramientas necesarias para que hagan valer sus derechos pol\u00edtico-electorales.&nbsp;<\/p>\n\n\n\n<p>Fue el congresista Juan Manuel Cambr\u00f3n Soria, el encargado de aperturar este ciclo de conferencias del curso, con la presentaci\u00f3n del tema \u201cIntroducci\u00f3n a las campa\u00f1as pol\u00edticas\u201d, mismo en el que explic\u00f3 a los j\u00f3venes la importancia de la informaci\u00f3n, la comunicaci\u00f3n y el ejercicio pol\u00edtico.&nbsp;<\/p>\n\n\n\n<p>Este curso se realizar\u00e1 todos los viernes en un horario de 16:00 a 18:00 horas, hasta el mes de mayo, en el que las juventudes tlaxcaltecas, podr\u00e1n adquirir conocimientos sobre el ejercicio pol\u00edtico-electoral, liderazgo, la autonom\u00eda de los Institutos Electorales, Marketing digital, entre otros grandes temas, que buscan generar el inter\u00e9s en la participaci\u00f3n social y democr\u00e1tica de los j\u00f3venes en la pol\u00edtica de nuestro pa\u00eds.&nbsp;<\/p>\n\n\n\n<p>A este evento asisti\u00f3 el dirigente estatal del Partido de la Revoluci\u00f3n Democr\u00e1tica (PRD), Julio C\u00e9sar P\u00e9rez Gonz\u00e1lez; la secretaria general del PRD, Patricia Centeno Hern\u00e1ndez y la Consejera Nacional del PRD, Nancy Islas Sol\u00eds.<\/p>\n","protected":false},"excerpt":{"rendered":"<p>El curso se impartir\u00e1 todos los viernes hasta el mes de mayo El Sal\u00f3n Blanco del Palacio Legislativo fue la sede para dar inicio al curso \u201cJ\u00f3venes de Izquierda como factor de cambio en el entorno social\u201d, dirigido a las juventudes tlaxcaltecas bajo el objetivo de promover la participaci\u00f3n social y pol\u00edtica de este sector [&hellip;]<\/p>\n","protected":false},"author":1,"featured_media":25138,"comment_status":"open","ping_status":"open","sticky":false,"template":"","format":"standard","meta":{"advanced_seo_description":"","jetpack_seo_html_title":"","jetpack_seo_noindex":false,"footnotes":"","jetpack_publicize_message":"","jetpack_is_tweetstorm":false,"jetpack_publicize_feature_enabled":true,"jetpack_social_post_already_shared":true,"jetpack_social_options":{"image_generator_settings":{"template":"highway","enabled":false}}},"categories":[27,2],"tags":[],"class_list":["post-25137","post","type-post","status-publish","format-standard","has-post-thumbnail","hentry","category-congreso","category-destacadas"],"jetpack_publicize_connections":[],"jetpack_featured_media_url":"http:\/\/elcensornoticias.com\/wp-content\/uploads\/2023\/03\/b3dc8c73-e2ee-4649-8762-4db76b5239a5.jpg","jetpack_likes_enabled":true,"jetpack_sharing_enabled":true,"jetpack_shortlink":"https:\/\/wp.me\/p6xy50-6xr","_links":{"self":[{"href":"http:\/\/elcensornoticias.com\/index.php?rest_route=\/wp\/v2\/posts\/25137","targetHints":{"allow":["GET"]}}],"collection":[{"href":"http:\/\/elcensornoticias.com\/index.php?rest_route=\/wp\/v2\/posts"}],"about":[{"href":"http:\/\/elcensornoticias.com\/index.php?rest_route=\/wp\/v2\/types\/post"}],"author":[{"embeddable":true,"href":"http:\/\/elcensornoticias.com\/index.php?rest_route=\/wp\/v2\/users\/1"}],"replies":[{"embeddable":true,"href":"http:\/\/elcensornoticias.com\/index.php?rest_route=%2Fwp%2Fv2%2Fcomments&post=25137"}],"version-history":[{"count":1,"href":"http:\/\/elcensornoticias.com\/index.php?rest_route=\/wp\/v2\/posts\/25137\/revisions"}],"predecessor-version":[{"id":25139,"href":"http:\/\/elcensornoticias.com\/index.php?rest_route=\/wp\/v2\/posts\/25137\/revisions\/25139"}],"wp:featuredmedia":[{"embeddable":true,"href":"http:\/\/elcensornoticias.com\/index.php?rest_route=\/wp\/v2\/media\/25138"}],"wp:attachment":[{"href":"http:\/\/elcensornoticias.com\/index.php?rest_route=%2Fwp%2Fv2%2Fmedia&parent=25137"}],"wp:term":[{"taxonomy":"category","embeddable":true,"href":"http:\/\/elcensornoticias.com\/index.php?rest_route=%2Fwp%2Fv2%2Fcategories&post=25137"},{"taxonomy":"post_tag","embeddable":true,"href":"http:\/\/elcensornoticias.com\/index.php?rest_route=%2Fwp%2Fv2%2Ftags&post=25137"}],"curies":[{"name":"wp","href":"https:\/\/api.w.org\/{rel}","templated":true}]}}