{"id":25126,"date":"2023-03-18T01:32:03","date_gmt":"2023-03-18T01:32:03","guid":{"rendered":"http:\/\/elcensornoticias.com\/?p=25126"},"modified":"2023-03-18T01:32:07","modified_gmt":"2023-03-18T01:32:07","slug":"leonardo-salinas-el-mago-de-la-pintura","status":"publish","type":"post","link":"http:\/\/elcensornoticias.com\/?p=25126","title":{"rendered":"Leonardo Salinas, \u201cEl Mago\u201d de la pintura"},"content":{"rendered":"\n<p>Autodenominado \u201cEl Mago\u201d, Leonardo Salinas Dom\u00ednguez es un artista visual oaxaque\u00f1o, quien ha elegido ese mote porque considera que es un ilusionista dentro de la pintura ya que en sus obras de tinte on\u00edrico \u201ctodo es posible\u201d.<\/p>\n\n\n\n<p>Nacido en el multicultural R\u00edo Grande, en la costa chica de Oaxaca, creci\u00f3 rodeado de culturas afrodescendientes e ind\u00edgenas, esa diversidad de historias, tradiciones y costumbres, que tambi\u00e9n se encuentran en la danza y la m\u00fasica, quedan plasmadas en su obra, la cual crea utilizando \u00f3leo, acr\u00edlico y tintas, pinceles, machetes y otros elementos con los que captura los colores y figuras de su tierra.<\/p>\n\n\n\n<p>\u201cMi obra nunca se estanca, sino a su vez se regenera y nutre de nuevas etapas y formas distintas todo el tiempo\u201d, comenta. En cada cuadro, agrega, transmite lo que siente en el momento de dibujar y de pintar, usando m\u00faltiples colores para transmitir sus sentimientos.<\/p>\n\n\n\n<p>\u201cEl motivo de pintar surge del inter\u00e9s de expresar lo que sentimos en el momento y tiempo indicados. Ya de ah\u00ed, la mancha que yo vaya pintando me va tambi\u00e9n diciendo qu\u00e9 elementos poner, qu\u00e9 cosas m\u00e1s me sugiere el soporte\u201d, explica.<\/p>\n\n\n\n<p>A decir del creador, su obra es expresionista,&nbsp;pues adem\u00e1s de pinceles, usa machetes y otros soportes y empieza a dibujar la silueta en el bastidor.<\/p>\n\n\n\n<p>Su inquietud por las artes pl\u00e1sticas naci\u00f3 a temprana edad; comenz\u00f3 dibujando y, posteriormente, profesionaliz\u00f3 esta pr\u00e1ctica al viajar a la ciudad de Oaxaca donde realiza sus estudios de universidad en Bellas Artes en 2008, pero tambi\u00e9n participa en el taller Rufino Tamayo.<\/p>\n\n\n\n<p>Adem\u00e1s, empez\u00f3 a conocer el trabajo de otros artistas oaxaque\u00f1os y, poco a poco empez\u00f3 a crear sus propias piezas, conservando la riqueza de la costa oaxaque\u00f1a.<\/p>\n\n\n\n<p>Dice que su pintura es vanguardista porque cree firmemente en los sue\u00f1os y en el arte on\u00edrico, es decir, que pueden ser cosas que en el \u201cmundo t\u00edpico\u201d no existan y sugiere ver algunos de sus cuadros en los que pinta mujeres, Venus marinas, inclusive manos que salen del bastidor, elementos que f\u00edsicamente no estar\u00edan ah\u00ed, \u201cm\u00e1s sin embargo en mi cabeza s\u00ed est\u00e1n, yo los transmito ah\u00ed, lo plasmo\u201d.<\/p>\n\n\n\n<p>Sus obras han llegado espacios en el extranjero, de&nbsp;forma individual en Barcelona, y, en colectivo en Francia. Dentro de su estado particip\u00f3 en&nbsp;2001 en el \u201cConcurso y exhibici\u00f3n cultural\u201d, en R\u00edo Grande, Oaxaca;&nbsp;en 2007, en la exposici\u00f3n colectiva \u201cTrazos\u201d, dentro de la Plaza Arte Oaxaca; y en 2011 fue parte de la exposici\u00f3n colectiva \u201cMuertos\u201d, en el Espacio Bar el Comala.<\/p>\n","protected":false},"excerpt":{"rendered":"<p>Autodenominado \u201cEl Mago\u201d, Leonardo Salinas Dom\u00ednguez es un artista visual oaxaque\u00f1o, quien ha elegido ese mote porque considera que es un ilusionista dentro de la pintura ya que en sus obras de tinte on\u00edrico \u201ctodo es posible\u201d. Nacido en el multicultural R\u00edo Grande, en la costa chica de Oaxaca, creci\u00f3 rodeado de culturas afrodescendientes e [&hellip;]<\/p>\n","protected":false},"author":1,"featured_media":25127,"comment_status":"open","ping_status":"open","sticky":false,"template":"","format":"standard","meta":{"advanced_seo_description":"","jetpack_seo_html_title":"","jetpack_seo_noindex":false,"footnotes":"","jetpack_publicize_message":"","jetpack_is_tweetstorm":false,"jetpack_publicize_feature_enabled":true,"jetpack_social_post_already_shared":true,"jetpack_social_options":{"image_generator_settings":{"template":"highway","enabled":false}}},"categories":[26,4],"tags":[],"class_list":["post-25126","post","type-post","status-publish","format-standard","has-post-thumbnail","hentry","category-cultura","category-noticias"],"jetpack_publicize_connections":[],"jetpack_featured_media_url":"http:\/\/elcensornoticias.com\/wp-content\/uploads\/2023\/03\/Torero-dios-todo-poderoso-el-maldito_oleo-sobre-tela_150x100.jpg","jetpack_likes_enabled":true,"jetpack_sharing_enabled":true,"jetpack_shortlink":"https:\/\/wp.me\/p6xy50-6xg","_links":{"self":[{"href":"http:\/\/elcensornoticias.com\/index.php?rest_route=\/wp\/v2\/posts\/25126","targetHints":{"allow":["GET"]}}],"collection":[{"href":"http:\/\/elcensornoticias.com\/index.php?rest_route=\/wp\/v2\/posts"}],"about":[{"href":"http:\/\/elcensornoticias.com\/index.php?rest_route=\/wp\/v2\/types\/post"}],"author":[{"embeddable":true,"href":"http:\/\/elcensornoticias.com\/index.php?rest_route=\/wp\/v2\/users\/1"}],"replies":[{"embeddable":true,"href":"http:\/\/elcensornoticias.com\/index.php?rest_route=%2Fwp%2Fv2%2Fcomments&post=25126"}],"version-history":[{"count":1,"href":"http:\/\/elcensornoticias.com\/index.php?rest_route=\/wp\/v2\/posts\/25126\/revisions"}],"predecessor-version":[{"id":25128,"href":"http:\/\/elcensornoticias.com\/index.php?rest_route=\/wp\/v2\/posts\/25126\/revisions\/25128"}],"wp:featuredmedia":[{"embeddable":true,"href":"http:\/\/elcensornoticias.com\/index.php?rest_route=\/wp\/v2\/media\/25127"}],"wp:attachment":[{"href":"http:\/\/elcensornoticias.com\/index.php?rest_route=%2Fwp%2Fv2%2Fmedia&parent=25126"}],"wp:term":[{"taxonomy":"category","embeddable":true,"href":"http:\/\/elcensornoticias.com\/index.php?rest_route=%2Fwp%2Fv2%2Fcategories&post=25126"},{"taxonomy":"post_tag","embeddable":true,"href":"http:\/\/elcensornoticias.com\/index.php?rest_route=%2Fwp%2Fv2%2Ftags&post=25126"}],"curies":[{"name":"wp","href":"https:\/\/api.w.org\/{rel}","templated":true}]}}