{"id":25123,"date":"2023-03-18T01:28:24","date_gmt":"2023-03-18T01:28:24","guid":{"rendered":"http:\/\/elcensornoticias.com\/?p=25123"},"modified":"2023-03-18T01:28:28","modified_gmt":"2023-03-18T01:28:28","slug":"acerca-uatx-a-la-sociedad-conocimientos-del-cerebro","status":"publish","type":"post","link":"http:\/\/elcensornoticias.com\/?p=25123","title":{"rendered":"Acerca UATx a la sociedad conocimientos del cerebro"},"content":{"rendered":"\n<p>La Universidad Aut\u00f3noma de Tlaxcala (UATx), a trav\u00e9s de la Secretar\u00eda de Investigaci\u00f3n Cient\u00edfica y Posgrado, en coordinaci\u00f3n con el Centro Tlaxcala de Biolog\u00eda de la Conducta (CTBC), &nbsp;y el apoyo de la International Brain Research Organization (IBRO), efectuaron la Feria del Cerebro, en el marco del desarrollo de la XlX Semana del Cerebro, en el vest\u00edbulo del Centro Cultural Universitario (CCU), actividad que cont\u00f3 con la asistencia de estudiantes de los diversos sectores educativos de la entidad.<\/p>\n\n\n\n<p>Al inaugurar este evento, el Maestro Roberto Carlos Cruz Becerril, Secretario T\u00e9cnico, en representaci\u00f3n del Doctor Seraf\u00edn Ortiz Ortiz, Rector de esta Casa de Estudios, se\u00f1al\u00f3 que, para la UATx es&nbsp;importante este tipo de eventos donde se divulga la ciencia y la tecnolog\u00eda, buscando un acercamiento humanista con la sociedad, sobre todo, con los ni\u00f1os y los j\u00f3venes&nbsp; con la finalidad de que conozcan el estudio de las&nbsp; neurociencias.<\/p>\n\n\n\n<p>Enfatiz\u00f3 que, en este evento, &nbsp;ahora presencial, despu\u00e9s de aproximadamente dos a\u00f1os de pandemia, se expone conocimiento de frontera para ser compartido con los interesados en las funciones del cerebro, acci\u00f3n que permitir\u00e1 un mejor cuidado de este \u00f3rgano vital que nos da la oportunidad realizar diversas actividades.<\/p>\n\n\n\n<p>En tanto, el Doctor Alfredo Ad\u00e1n Pimentel, Secretario de Investigaci\u00f3n Cient\u00edfica y Posgrado,&nbsp;destac\u00f3 que, para la&nbsp; Instituci\u00f3n es grato recibir a estudiantes de educaci\u00f3n b\u00e1sica y media superior, &nbsp;as\u00ed como a &nbsp;los profesores que impulsan acciones para que de manera oportuna adquieran conocimiento \u00fatil y de impacto para su vida.<\/p>\n\n\n\n<p>Precis\u00f3 que, con esta Feria denominada: \u201cCerebrando Tlaxcala\u201d, se hacen esfuerzos para tomar conciencia de las funciones cognitivas y&nbsp; motoras &nbsp;que&nbsp; realiza este \u00f3rgano, dado que, el 15% de las enfermedades que se registran en hospitales y \u00e1reas de la salud tienen relaci\u00f3n con el cerebro, de ah\u00ed la necesidad de mejorar los estilos de vida.<\/p>\n\n\n\n<p>A su vez, la Doctora Rosa Ang\u00e9lica Lucio Lucio, Acad\u00e9mica del CTBC y Coorganizadora de la Semana del Cerebro, dijo que,&nbsp;esta celebraci\u00f3n &nbsp;se desarrolla en los&nbsp; cinco continentes en el mes marzo, tras dos a\u00f1os de celebraci\u00f3n virtual, &nbsp;hoy la UATx es sede para disfrutar de estas exposiciones, charlas y &nbsp;talleres que fueron&nbsp; impartidos tambi\u00e9n por nuestros investigadores en planteles educativos de Atlihuetzia, Panotla, Tlaltelulco, Ocotl\u00e1n,&nbsp; Tlalcuapan,&nbsp; Zacatelco,&nbsp; Teolocholco y Tlaxcala capital , teniendo una amplia asistencia.<\/p>\n\n\n\n<p>Esta jornada cient\u00edfica fue presidida por la Doctora Mar\u00eda de Lourdes Arteaga Casta\u00f1eda, Coordinadora del Centro Tlaxcala de&nbsp; Biolog\u00eda de la Conducta (CTBC), y la Doctora Margarita Ju\u00e1rez Romero,&nbsp; Acad\u00e9mica de este mismo centro.<\/p>\n","protected":false},"excerpt":{"rendered":"<p>La Universidad Aut\u00f3noma de Tlaxcala (UATx), a trav\u00e9s de la Secretar\u00eda de Investigaci\u00f3n Cient\u00edfica y Posgrado, en coordinaci\u00f3n con el Centro Tlaxcala de Biolog\u00eda de la Conducta (CTBC), &nbsp;y el apoyo de la International Brain Research Organization (IBRO), efectuaron la Feria del Cerebro, en el marco del desarrollo de la XlX Semana del Cerebro, en [&hellip;]<\/p>\n","protected":false},"author":1,"featured_media":25124,"comment_status":"open","ping_status":"open","sticky":false,"template":"","format":"standard","meta":{"advanced_seo_description":"","jetpack_seo_html_title":"","jetpack_seo_noindex":false,"footnotes":"","jetpack_publicize_message":"","jetpack_is_tweetstorm":false,"jetpack_publicize_feature_enabled":true,"jetpack_social_post_already_shared":true,"jetpack_social_options":{"image_generator_settings":{"template":"highway","enabled":false}}},"categories":[2,28],"tags":[],"class_list":["post-25123","post","type-post","status-publish","format-standard","has-post-thumbnail","hentry","category-destacadas","category-educacion"],"jetpack_publicize_connections":[],"jetpack_featured_media_url":"http:\/\/elcensornoticias.com\/wp-content\/uploads\/2023\/03\/17-A-Acerca-UATx-a-la-sociedad-conocimientos-del-cerebro-1.jpg","jetpack_likes_enabled":true,"jetpack_sharing_enabled":true,"jetpack_shortlink":"https:\/\/wp.me\/p6xy50-6xd","_links":{"self":[{"href":"http:\/\/elcensornoticias.com\/index.php?rest_route=\/wp\/v2\/posts\/25123","targetHints":{"allow":["GET"]}}],"collection":[{"href":"http:\/\/elcensornoticias.com\/index.php?rest_route=\/wp\/v2\/posts"}],"about":[{"href":"http:\/\/elcensornoticias.com\/index.php?rest_route=\/wp\/v2\/types\/post"}],"author":[{"embeddable":true,"href":"http:\/\/elcensornoticias.com\/index.php?rest_route=\/wp\/v2\/users\/1"}],"replies":[{"embeddable":true,"href":"http:\/\/elcensornoticias.com\/index.php?rest_route=%2Fwp%2Fv2%2Fcomments&post=25123"}],"version-history":[{"count":1,"href":"http:\/\/elcensornoticias.com\/index.php?rest_route=\/wp\/v2\/posts\/25123\/revisions"}],"predecessor-version":[{"id":25125,"href":"http:\/\/elcensornoticias.com\/index.php?rest_route=\/wp\/v2\/posts\/25123\/revisions\/25125"}],"wp:featuredmedia":[{"embeddable":true,"href":"http:\/\/elcensornoticias.com\/index.php?rest_route=\/wp\/v2\/media\/25124"}],"wp:attachment":[{"href":"http:\/\/elcensornoticias.com\/index.php?rest_route=%2Fwp%2Fv2%2Fmedia&parent=25123"}],"wp:term":[{"taxonomy":"category","embeddable":true,"href":"http:\/\/elcensornoticias.com\/index.php?rest_route=%2Fwp%2Fv2%2Fcategories&post=25123"},{"taxonomy":"post_tag","embeddable":true,"href":"http:\/\/elcensornoticias.com\/index.php?rest_route=%2Fwp%2Fv2%2Ftags&post=25123"}],"curies":[{"name":"wp","href":"https:\/\/api.w.org\/{rel}","templated":true}]}}