{"id":25119,"date":"2023-03-17T20:43:08","date_gmt":"2023-03-17T20:43:08","guid":{"rendered":"http:\/\/elcensornoticias.com\/?p=25119"},"modified":"2023-03-17T20:43:11","modified_gmt":"2023-03-17T20:43:11","slug":"conoce-el-proyecto-azul-izote-mexicano","status":"publish","type":"post","link":"http:\/\/elcensornoticias.com\/?p=25119","title":{"rendered":"Conoce el proyecto Azul Izote Mexicano"},"content":{"rendered":"\n<ul class=\"wp-block-list\"><li><strong>En Zumpahuac\u00e1n, Estado de M\u00e9xico, podr\u00e1s aprender sobre la extracci\u00f3n de esta fibra y su te\u00f1ido con a\u00f1il<\/strong><\/li><\/ul>\n\n\n\n<p>El proyecto Azul Izote Mexicano, una iniciativa interdisciplinaria de la dise\u00f1adora textil, investigadora y docente Ana Celia Mart\u00ednez Hern\u00e1ndez, busca juntar en lo m\u00e1s \u00edntimo de una exposici\u00f3n sonora, fotogr\u00e1fica, material y de arte textil la fibra del izote prehisp\u00e1nico y el a\u00f1il virreinal.<\/p>\n\n\n\n<p>Fue una investigaci\u00f3n que Ana Celia inici\u00f3 en 2019, tras visitar la comunidad de Miltepec, Oaxaca, donde se extrae y elabora el tinte de a\u00f1il, la que dio pie para que desarrollara su proyecto Azul Izote Mexicano, donde une todo el conocimiento adquirido para extraer el tinte a\u00f1il y conjuntarlo con la fibra de izote, tradicionalmente utilizada en la elaboraci\u00f3n de textiles.<\/p>\n\n\n\n<p>En entrevista, explica que la tradici\u00f3n del izote y el mundo que lo circunda es una reserva que contribuye a la diversidad biocultural de M\u00e9xico. \u201cTenemos que recordar que M\u00e9xico es el segundo pa\u00eds con mayor patrimonio biocultural a nivel mundial, y esa es una l\u00ednea en mi investigaci\u00f3n y en mi trabajo porque al final nuestras tierras producen plantas que se convierten en cultura, a trav\u00e9s de la observaci\u00f3n, la experiencia y la lecci\u00f3n humana\u201d, sostiene.<\/p>\n\n\n\n<p>En el caso del proyecto, agrega, tenemos una planta que se trabaja en Miltepec de la cual se extrae el tinte natural del a\u00f1il, bastante conocido y famoso, y, por otro lado, una fibra vegetal que se extrae en Zumpahuac\u00e1n, Estado de M\u00e9xico, mediante un proceso muy tradicional en el que se utilizan procedimientos ancestrales como el uso de un punz\u00f3n de hueso.<\/p>\n\n\n\n<p>De acuerdo con Mart\u00ednez Hern\u00e1ndez, este proceso puede ser considerado org\u00e1nico, puesto que no interviene ninguna m\u00e1quina, m\u00e1s que instrumentos que los mismos pobladores elaboran. \u201cLa fibra de izote en esta localidad se trabaja de una manera tradicional que incorpora elementos de ra\u00edz mesoamericana y otros de origen occidental\u201d.<\/p>\n\n\n\n<p>Uniendo estos dos conocimientos, el prop\u00f3sito del proyecto es mostrar c\u00f3mo a trav\u00e9s de un \u00edntimo encuentro se puede llegar a obtener una fibra valiosa, no solo por sus cualidades propias como materia prima textil, sino por todo el proceso que se realiza para su extracci\u00f3n, hilado y tejido, pero sobre todo por el v\u00ednculo hist\u00f3rico que tiene con el pasado y presente mexicano, comenta la entrevistada.<\/p>\n\n\n\n<p>Como parte del proyecto, explica, organiza del 14 al 17 de abril de 2023 un taller en Zumpahuac\u00e1n, Estado de M\u00e9xico, que se encuentra dentro del valle de Ixtapan, donde se procesa el izote; quienes asistan podr\u00e1n aprender sobre la extracci\u00f3n de la fibra, c\u00f3mo te\u00f1ir fibras textiles semiduras con a\u00f1il, adem\u00e1s de conocer m\u00e1s sobre la bioculturalidad, las tradiciones, historias y permanencia de estas t\u00e9cnicas ancestrales con menor impacto ambiental.<\/p>\n\n\n\n<p>Las personas que decidan sumarse al viaje taller ser\u00e1n acompa\u00f1adas de Ana Celia, as\u00ed como de un equipo que incluye documentalistas, artistas textiles, dise\u00f1adores artesanales, bi\u00f3logos, y la familia Torres Casanova, productora del izote en Zumpahuac\u00e1n.<\/p>\n\n\n\n<p>La entrevistada dice que el proyecto Azul Izote Mexicano incluye una obra audiovisual que busca retratar dos saberes bioculturales ancestrales que, a\u00fan hoy, generan alquimia; quienes formen parte del taller contribuir\u00e1n al desarrollo del proyecto, que concluir\u00e1 en una exposici\u00f3n sonora, fotogr\u00e1fica, material y de arte textil.<\/p>\n\n\n\n<p>Ana Celia Mart\u00ednez Hern\u00e1ndez cuenta con maestr\u00eda en Estudios Mesoamericanos por la Universidad Nacional Aut\u00f3noma de M\u00e9xico, egresada de la Licenciatura de Dise\u00f1o textil de la Universidad Iberoamericana, misma instituci\u00f3n donde ejerce como docente. En su trayectoria profesional, adem\u00e1s de la docencia, se ha vinculado al estudio sobre textiles tradicionales para la investigaci\u00f3n, documentaci\u00f3n, difusi\u00f3n y rescate de t\u00e9cnicas mexicanas.<\/p>\n\n\n\n<p>Ha recibido reconocimientos como la Menci\u00f3n honor\u00edfica del Premio Proyecta 2010, otorgado por la Red Iberoamericana de Investigaci\u00f3n Textil, Costa Rica, y el \u201cPremio Tenerife al Fomento y la Investigaci\u00f3n de la Artesan\u00eda de Espa\u00f1a y Am\u00e9rica 2014\u201d, por su trabajo de investigaci\u00f3n&nbsp;<em>Izote, iczotl. Fibra con identidad, tradici\u00f3n y permanencia<\/em>.<\/p>\n\n\n\n<p>Para conocer m\u00e1s sobre este proyecto, se puede consultar la liga:&nbsp;<a href=\"https:\/\/proyecto-azul-izote-mexicano.webnode.page\/\" target=\"_blank\" rel=\"noreferrer noopener\">proyecto-azul-izote-mexicano.webnode.page<\/a><\/p>\n","protected":false},"excerpt":{"rendered":"<p>En Zumpahuac\u00e1n, Estado de M\u00e9xico, podr\u00e1s aprender sobre la extracci\u00f3n de esta fibra y su te\u00f1ido con a\u00f1il El proyecto Azul Izote Mexicano, una iniciativa interdisciplinaria de la dise\u00f1adora textil, investigadora y docente Ana Celia Mart\u00ednez Hern\u00e1ndez, busca juntar en lo m\u00e1s \u00edntimo de una exposici\u00f3n sonora, fotogr\u00e1fica, material y de arte textil la fibra [&hellip;]<\/p>\n","protected":false},"author":1,"featured_media":25120,"comment_status":"open","ping_status":"open","sticky":false,"template":"","format":"standard","meta":{"advanced_seo_description":"","jetpack_seo_html_title":"","jetpack_seo_noindex":false,"footnotes":"","jetpack_publicize_message":"","jetpack_is_tweetstorm":false,"jetpack_publicize_feature_enabled":true,"jetpack_social_post_already_shared":true,"jetpack_social_options":{"image_generator_settings":{"template":"highway","enabled":false}}},"categories":[26,4],"tags":[],"class_list":["post-25119","post","type-post","status-publish","format-standard","has-post-thumbnail","hentry","category-cultura","category-noticias"],"jetpack_publicize_connections":[],"jetpack_featured_media_url":"http:\/\/elcensornoticias.com\/wp-content\/uploads\/2023\/03\/Imagen3.jpg","jetpack_likes_enabled":true,"jetpack_sharing_enabled":true,"jetpack_shortlink":"https:\/\/wp.me\/p6xy50-6x9","_links":{"self":[{"href":"http:\/\/elcensornoticias.com\/index.php?rest_route=\/wp\/v2\/posts\/25119","targetHints":{"allow":["GET"]}}],"collection":[{"href":"http:\/\/elcensornoticias.com\/index.php?rest_route=\/wp\/v2\/posts"}],"about":[{"href":"http:\/\/elcensornoticias.com\/index.php?rest_route=\/wp\/v2\/types\/post"}],"author":[{"embeddable":true,"href":"http:\/\/elcensornoticias.com\/index.php?rest_route=\/wp\/v2\/users\/1"}],"replies":[{"embeddable":true,"href":"http:\/\/elcensornoticias.com\/index.php?rest_route=%2Fwp%2Fv2%2Fcomments&post=25119"}],"version-history":[{"count":1,"href":"http:\/\/elcensornoticias.com\/index.php?rest_route=\/wp\/v2\/posts\/25119\/revisions"}],"predecessor-version":[{"id":25121,"href":"http:\/\/elcensornoticias.com\/index.php?rest_route=\/wp\/v2\/posts\/25119\/revisions\/25121"}],"wp:featuredmedia":[{"embeddable":true,"href":"http:\/\/elcensornoticias.com\/index.php?rest_route=\/wp\/v2\/media\/25120"}],"wp:attachment":[{"href":"http:\/\/elcensornoticias.com\/index.php?rest_route=%2Fwp%2Fv2%2Fmedia&parent=25119"}],"wp:term":[{"taxonomy":"category","embeddable":true,"href":"http:\/\/elcensornoticias.com\/index.php?rest_route=%2Fwp%2Fv2%2Fcategories&post=25119"},{"taxonomy":"post_tag","embeddable":true,"href":"http:\/\/elcensornoticias.com\/index.php?rest_route=%2Fwp%2Fv2%2Ftags&post=25119"}],"curies":[{"name":"wp","href":"https:\/\/api.w.org\/{rel}","templated":true}]}}