{"id":25104,"date":"2023-03-17T20:30:28","date_gmt":"2023-03-17T20:30:28","guid":{"rendered":"http:\/\/elcensornoticias.com\/?p=25104"},"modified":"2023-03-17T20:30:32","modified_gmt":"2023-03-17T20:30:32","slug":"pgje-y-fiscalia-general-de-puebla-aprehenden-a-masculino-por-robo-calificado","status":"publish","type":"post","link":"http:\/\/elcensornoticias.com\/?p=25104","title":{"rendered":"PGJE Y FISCAL\u00cdA GENERAL DE PUEBLA APREHENDEN A MASCULINO POR ROBO CALIFICADO"},"content":{"rendered":"\n<p>La Procuradur\u00eda General de Justicia del Estado (PGJE) en colaboraci\u00f3n con la Fiscal\u00eda General del Estado de Puebla (FGE) aprehendieron a un masculino por el delito de robo calificado, suceso que aconteci\u00f3 en el municipio de San Pablo del Monte.<br>Al realizar las indagatorias correspondientes, agentes de la Polic\u00eda de Investigaci\u00f3n ubicaron al ahora imputado en la entidad poblana, por lo que la PGJE solicit\u00f3 el apoyo de la Fiscal\u00eda para el ingreso de los efectivos policiacos para la detenci\u00f3n del hombre, qui\u00e9n ser\u00e1 presentado ante la autoridad competente y responda por el delito que se le acusa.<br>Los hechos refieren que, el hombre despoj\u00f3 de sus pertenencias a la v\u00edctima, por lo que present\u00f3 la denuncia correspondiente ante el agente del Ministerio P\u00fablico de la PGJE y el Juez orden\u00f3 su aprehensi\u00f3n.<br>La Procuradur\u00eda General de Justicia del Estado de Tlaxcala, trabaja de acuerdo con los protocolos que marca la ley y conforme al convenio de colaboraci\u00f3n entre fiscal\u00edas y procuradur\u00edas para la ejecuci\u00f3n de mandamientos judiciales.<\/p>\n","protected":false},"excerpt":{"rendered":"<p>La Procuradur\u00eda General de Justicia del Estado (PGJE) en colaboraci\u00f3n con la Fiscal\u00eda General del Estado de Puebla (FGE) aprehendieron a un masculino por el delito de robo calificado, suceso que aconteci\u00f3 en el municipio de San Pablo del Monte.Al realizar las indagatorias correspondientes, agentes de la Polic\u00eda de Investigaci\u00f3n ubicaron al ahora imputado en [&hellip;]<\/p>\n","protected":false},"author":1,"featured_media":25105,"comment_status":"open","ping_status":"open","sticky":false,"template":"","format":"standard","meta":{"advanced_seo_description":"","jetpack_seo_html_title":"","jetpack_seo_noindex":false,"footnotes":"","jetpack_publicize_message":"","jetpack_is_tweetstorm":false,"jetpack_publicize_feature_enabled":true,"jetpack_social_post_already_shared":true,"jetpack_social_options":{"image_generator_settings":{"template":"highway","enabled":false}}},"categories":[2,9],"tags":[],"class_list":["post-25104","post","type-post","status-publish","format-standard","has-post-thumbnail","hentry","category-destacadas","category-seguridad"],"jetpack_publicize_connections":[],"jetpack_featured_media_url":"http:\/\/elcensornoticias.com\/wp-content\/uploads\/2023\/03\/IMG-20230317-WA0011.jpg","jetpack_likes_enabled":true,"jetpack_sharing_enabled":true,"jetpack_shortlink":"https:\/\/wp.me\/p6xy50-6wU","_links":{"self":[{"href":"http:\/\/elcensornoticias.com\/index.php?rest_route=\/wp\/v2\/posts\/25104","targetHints":{"allow":["GET"]}}],"collection":[{"href":"http:\/\/elcensornoticias.com\/index.php?rest_route=\/wp\/v2\/posts"}],"about":[{"href":"http:\/\/elcensornoticias.com\/index.php?rest_route=\/wp\/v2\/types\/post"}],"author":[{"embeddable":true,"href":"http:\/\/elcensornoticias.com\/index.php?rest_route=\/wp\/v2\/users\/1"}],"replies":[{"embeddable":true,"href":"http:\/\/elcensornoticias.com\/index.php?rest_route=%2Fwp%2Fv2%2Fcomments&post=25104"}],"version-history":[{"count":1,"href":"http:\/\/elcensornoticias.com\/index.php?rest_route=\/wp\/v2\/posts\/25104\/revisions"}],"predecessor-version":[{"id":25106,"href":"http:\/\/elcensornoticias.com\/index.php?rest_route=\/wp\/v2\/posts\/25104\/revisions\/25106"}],"wp:featuredmedia":[{"embeddable":true,"href":"http:\/\/elcensornoticias.com\/index.php?rest_route=\/wp\/v2\/media\/25105"}],"wp:attachment":[{"href":"http:\/\/elcensornoticias.com\/index.php?rest_route=%2Fwp%2Fv2%2Fmedia&parent=25104"}],"wp:term":[{"taxonomy":"category","embeddable":true,"href":"http:\/\/elcensornoticias.com\/index.php?rest_route=%2Fwp%2Fv2%2Fcategories&post=25104"},{"taxonomy":"post_tag","embeddable":true,"href":"http:\/\/elcensornoticias.com\/index.php?rest_route=%2Fwp%2Fv2%2Ftags&post=25104"}],"curies":[{"name":"wp","href":"https:\/\/api.w.org\/{rel}","templated":true}]}}