{"id":25095,"date":"2023-03-17T20:21:57","date_gmt":"2023-03-17T20:21:57","guid":{"rendered":"http:\/\/elcensornoticias.com\/?p=25095"},"modified":"2023-03-17T20:22:00","modified_gmt":"2023-03-17T20:22:00","slug":"el-ensamble-de-pianos-de-la-orquesta-escuela-carlos-chavez-realizara-el-festival-mozart","status":"publish","type":"post","link":"http:\/\/elcensornoticias.com\/?p=25095","title":{"rendered":"El Ensamble de pianos de la Orquesta Escuela Carlos Ch\u00e1vez realizar\u00e1 el Festival Mozart"},"content":{"rendered":"\n<ul class=\"wp-block-list\"><li><strong>El s\u00e1bado 18 y domingo 19 de marzo de 2023, las y los noveles pianistas de esta joven orquesta invitar\u00e1n al p\u00fablico a disfrutar del repertorio que el compositor cre\u00f3 entre sus 17 y 30 a\u00f1os de edad<\/strong><\/li><li><strong>Participar\u00e1n \u00c1ngel Gabriel L\u00f3pez, Carlo V\u00e1zquez, Mariana Mart\u00ednez Villacorta, y Paulina Calixto Barrera, pianistas de la OECCh; y Leonardo Miranda y Uriel Tabares, m\u00fasicos invitados<\/strong><\/li><\/ul>\n\n\n\n<p>Un recorrido a dos y cuatro manos por la obra pian\u00edstica de Wolfgang Amadeus Mozart es el motivo medular del Festival Mozart que el Ensamble de pianos de la Orquesta Escuela Carlos Ch\u00e1vez (OECCh) presentar\u00e1 este fin de semana en el Sal\u00f3n \u201cAdolfo L\u00f3pez Mateos\u201d del Complejo Cultural Los Pinos, a las 13:30 horas. Se trata de dos d\u00edas en los que el p\u00fablico, en especial quien ame la m\u00fasica de piano, disfrutar\u00e1 de obras creadas por el genio de Salzburgo, entre los 17 y 30 a\u00f1os de edad, apreciando su sonido, tonos, texturas y colores musicales.<\/p>\n\n\n\n<p>Dirigidos por la pianista mexicana -de origen ruso- Farizat Tchib\u00edrova, las y los integrantes de este ensamble, \u00c1ngel Gabriel L\u00f3pez, Carlo V\u00e1zquez, Mariana Mart\u00ednez Villacorta, y Paulina Calixto Barrera (pianistas de la OECCh), adem\u00e1s de Leonardo Miranda y Uriel Tabares, m\u00fasicos invitados, exhibir\u00e1n sus habilidades t\u00e9cnicas e interpretativas durante el Festival Mozart, el cual tiene como objetivo acercar la m\u00fasica de concierto, al p\u00fablico, as\u00ed como contribuir en la formaci\u00f3n de estos j\u00f3venes pianistas que forman parte de la OECCh, agrupaci\u00f3n art\u00edstica del Sistema Nacional de Fomento Musical, instituci\u00f3n de la Secretar\u00eda de Cultura del Gobierno de M\u00e9xico.<\/p>\n\n\n\n<p>El Ensamble de pianos de la OECCh centr\u00f3 el festival en el ingenio musical del compositor nacido el 27 de enero de 1756, en Salzburgo, Viena, por el valor musical de estos conciertos para piano, que en la actualidad forman parte de los programas de estudio de todas las escuelas de este instrumento en el mundo, tanto por la exigencia t\u00e9cnica que requieren para su interpretaci\u00f3n, como por su l\u00ednea mel\u00f3dica que, a decir de expertos, es muy importante para la formaci\u00f3n de estudiantes de piano y el desarrollo musical de instrumentistas profesionales.<\/p>\n\n\n\n<p>As\u00ed, las y los integrantes de este ensamble interpretar\u00e1n el Concierto para piano n\u00fam. 5 en re mayor, K 175, el cual tambi\u00e9n es llamado Concierto Salzburgo, que fue escrito por Mozart cuando ten\u00eda 17 a\u00f1os; el Concierto para piano n\u00fam. 12 en la mayor K 414, tambi\u00e9n conocido como Concierto Peque\u00f1o la mayor, escrito en oto\u00f1o de 1782 en Viena y una de sus primeras tres composiciones; as\u00ed como el Allegro del Concierto para piano n\u00fam. 24 K.491; la Sonata para piano a cuatro manos en re mayor, K. 381; Alegretto \u2013 Presto del Concierto para piano n\u00fam. 17 K.453; y la Sonata para piano a cuatro manos en si bemol mayor, K.358, entre otras piezas.<\/p>\n\n\n\n<p>Cabe se\u00f1alar que la m\u00fasica creada por Wolfgang Amadeus Mozart destac\u00f3 pr\u00e1cticamente en todos los g\u00e9neros y estilos musicales. Su frase \u201ccomponer es mi \u00fanica alegr\u00eda, mi \u00fanica pasi\u00f3n\u201d est\u00e1 reflejada en las 626 obras, ordenadas, numeradas y catalogadas por Ludwig Alois Ferdinand Ritter von K\u00f6chel, de las cuales, 18 son sonatas para piano, 17 sets de variaciones para piano, dos son fantas\u00edas para piano solo, y otras 65 son piezas para piano solo de diferente estilo; las obras para dos o cuatro manos no est\u00e1n ausentes en este repertorio mozartiano que cuenta con un set de tema y variaciones, cinco sonatas para un piano a cuatro manos, y una sonata a dos pianos, cuatro manos y una fuga.<\/p>\n\n\n\n<p>El Festival Mozart del Ensamble de pianos de la Orquesta Escuela Carlos Ch\u00e1vez se llevar\u00e1 a cabo el s\u00e1bado 18 y domingo 19 de marzo de 2023, a las 13:30 horas, en el Sal\u00f3n \u201cAdolfo L\u00f3pez Mateos\u201d del Complejo Cultural Los Pinos. La entrada es libre. Para mayores informes consulte las p\u00e1ginas fomentomusical.cultura.gob.mx y mexicoescultura.com<\/p>\n","protected":false},"excerpt":{"rendered":"<p>El s\u00e1bado 18 y domingo 19 de marzo de 2023, las y los noveles pianistas de esta joven orquesta invitar\u00e1n al p\u00fablico a disfrutar del repertorio que el compositor cre\u00f3 entre sus 17 y 30 a\u00f1os de edad Participar\u00e1n \u00c1ngel Gabriel L\u00f3pez, Carlo V\u00e1zquez, Mariana Mart\u00ednez Villacorta, y Paulina Calixto Barrera, pianistas de la OECCh; [&hellip;]<\/p>\n","protected":false},"author":1,"featured_media":25096,"comment_status":"open","ping_status":"open","sticky":false,"template":"","format":"standard","meta":{"advanced_seo_description":"","jetpack_seo_html_title":"","jetpack_seo_noindex":false,"footnotes":"","jetpack_publicize_message":"","jetpack_is_tweetstorm":false,"jetpack_publicize_feature_enabled":true,"jetpack_social_post_already_shared":true,"jetpack_social_options":{"image_generator_settings":{"template":"highway","enabled":false}}},"categories":[26,4],"tags":[],"class_list":["post-25095","post","type-post","status-publish","format-standard","has-post-thumbnail","hentry","category-cultura","category-noticias"],"jetpack_publicize_connections":[],"jetpack_featured_media_url":"http:\/\/elcensornoticias.com\/wp-content\/uploads\/2023\/03\/ensamble-de-pianos.jpg","jetpack_likes_enabled":true,"jetpack_sharing_enabled":true,"jetpack_shortlink":"https:\/\/wp.me\/p6xy50-6wL","_links":{"self":[{"href":"http:\/\/elcensornoticias.com\/index.php?rest_route=\/wp\/v2\/posts\/25095","targetHints":{"allow":["GET"]}}],"collection":[{"href":"http:\/\/elcensornoticias.com\/index.php?rest_route=\/wp\/v2\/posts"}],"about":[{"href":"http:\/\/elcensornoticias.com\/index.php?rest_route=\/wp\/v2\/types\/post"}],"author":[{"embeddable":true,"href":"http:\/\/elcensornoticias.com\/index.php?rest_route=\/wp\/v2\/users\/1"}],"replies":[{"embeddable":true,"href":"http:\/\/elcensornoticias.com\/index.php?rest_route=%2Fwp%2Fv2%2Fcomments&post=25095"}],"version-history":[{"count":1,"href":"http:\/\/elcensornoticias.com\/index.php?rest_route=\/wp\/v2\/posts\/25095\/revisions"}],"predecessor-version":[{"id":25097,"href":"http:\/\/elcensornoticias.com\/index.php?rest_route=\/wp\/v2\/posts\/25095\/revisions\/25097"}],"wp:featuredmedia":[{"embeddable":true,"href":"http:\/\/elcensornoticias.com\/index.php?rest_route=\/wp\/v2\/media\/25096"}],"wp:attachment":[{"href":"http:\/\/elcensornoticias.com\/index.php?rest_route=%2Fwp%2Fv2%2Fmedia&parent=25095"}],"wp:term":[{"taxonomy":"category","embeddable":true,"href":"http:\/\/elcensornoticias.com\/index.php?rest_route=%2Fwp%2Fv2%2Fcategories&post=25095"},{"taxonomy":"post_tag","embeddable":true,"href":"http:\/\/elcensornoticias.com\/index.php?rest_route=%2Fwp%2Fv2%2Ftags&post=25095"}],"curies":[{"name":"wp","href":"https:\/\/api.w.org\/{rel}","templated":true}]}}