{"id":25090,"date":"2023-03-17T01:33:12","date_gmt":"2023-03-17T01:33:12","guid":{"rendered":"http:\/\/elcensornoticias.com\/?p=25090"},"modified":"2023-03-17T01:33:15","modified_gmt":"2023-03-17T01:33:15","slug":"reformas-a-la-ley-de-archivos-del-estado-de-tlaxcala","status":"publish","type":"post","link":"http:\/\/elcensornoticias.com\/?p=25090","title":{"rendered":"Reformas a la Ley de Archivos del Estado de Tlaxcala"},"content":{"rendered":"\n<p>Se armoniza la Ley bajo una equivalencia funcional, con base en la Ley General de Archivos.<\/p>\n\n\n\n<p>Las y los diputados de la LXIV Legislatura del Congreso del Estado, aprobaron el dictamen con Proyecto de Decreto,&nbsp;por el cual se reforman, adicionan y derogan diversas disposiciones de la Ley de Archivos del Estado de Tlaxcala.<\/p>\n\n\n\n<p>La reforma establece la formaci\u00f3n de un \u00d3rgano de Vigilancia, as\u00ed como de un \u00d3rgano de Gobierno, este \u00faltimo ser\u00e1 un cuerpo colegiado de administraci\u00f3n del AGHET,que, adem\u00e1s de lo previsto en la Ley de las Entidades Paraestatales del estado de Tlaxcala y las disposiciones reglamentarias, contar\u00e1 con atribuciones como: evaluar la operaci\u00f3n administrativa, as\u00ed como el cumplimiento de los objetivos y metas del AGHET; emitir los lineamientos para el funcionamiento del Consejo T\u00e9cnico y Cient\u00edfico Archiv\u00edstico; y las dem\u00e1s previstas en otras disposiciones jur\u00eddicas aplicables.<\/p>\n\n\n\n<p>El AGHET se determin\u00f3 como un organismo p\u00fablico descentralizado no sectorizado, con personalidad jur\u00eddica y patrimonio propio, con autonom\u00eda t\u00e9cnica y de gesti\u00f3n para el cumplimiento de sus atribuciones, objeto y fines; ya que \u00e9ste se contemplaba como un organismo desconcentrado de la Contralor\u00eda del Ejecutivo.<\/p>\n\n\n\n<p>En atenci\u00f3n de los expedientes parlamentarios LXIV 064\/2022, LXIV 225\/2022, LXIV 228\/2022 y el LXIV 010\/2023, presentados en forma particular por el diputado Miguel \u00c1ngel Caballero Yonca, la Suprema Corte de Justicia de la Naci\u00f3n (SCJN), la presidenta del Instituto de Acceso a la Informaci\u00f3n P\u00fablica y Protecci\u00f3n de Datos Personales del Estado de Tlaxcala (IAIP) y el diputado Rub\u00e9n Ter\u00e1n \u00c1guila, se armoniza la Ley de Archivos del Estado de Tlaxcala, bajo una equivalencia funcional, con base en la Ley General de Archivos.<\/p>\n\n\n\n<p>Los diputados Miguel \u00c1ngel Caballero Yonca y Rub\u00e9n Ter\u00e1n \u00c1guila, llevaron a cabo la lectura del&nbsp;dictamen con Proyecto de Decreto; por su parte la diputada Blanca \u00c1guila Lima reconoci\u00f3 el trabajo de las iniciativas primarias de los citados legisladores que asegur\u00f3 \u00abrobusteci\u00f3 la Ley de Archivos del Estado de Tlaxcala\u00bb.<\/p>\n\n\n\n<p>Este Decreto entrar\u00e1 en vigor el d\u00eda siguiente de su publicaci\u00f3n en el Peri\u00f3dico Oficial del Gobierno del Estado.&nbsp;<\/p>\n","protected":false},"excerpt":{"rendered":"<p>Se armoniza la Ley bajo una equivalencia funcional, con base en la Ley General de Archivos. Las y los diputados de la LXIV Legislatura del Congreso del Estado, aprobaron el dictamen con Proyecto de Decreto,&nbsp;por el cual se reforman, adicionan y derogan diversas disposiciones de la Ley de Archivos del Estado de Tlaxcala. La reforma [&hellip;]<\/p>\n","protected":false},"author":1,"featured_media":25091,"comment_status":"open","ping_status":"open","sticky":false,"template":"","format":"standard","meta":{"advanced_seo_description":"","jetpack_seo_html_title":"","jetpack_seo_noindex":false,"footnotes":"","jetpack_publicize_message":"","jetpack_is_tweetstorm":false,"jetpack_publicize_feature_enabled":true,"jetpack_social_post_already_shared":true,"jetpack_social_options":{"image_generator_settings":{"template":"highway","enabled":false}}},"categories":[27,2],"tags":[],"class_list":["post-25090","post","type-post","status-publish","format-standard","has-post-thumbnail","hentry","category-congreso","category-destacadas"],"jetpack_publicize_connections":[],"jetpack_featured_media_url":"http:\/\/elcensornoticias.com\/wp-content\/uploads\/2023\/03\/b9b50ded-9c3d-4836-859d-35034ecf6581.jpg","jetpack_likes_enabled":true,"jetpack_sharing_enabled":true,"jetpack_shortlink":"https:\/\/wp.me\/p6xy50-6wG","_links":{"self":[{"href":"http:\/\/elcensornoticias.com\/index.php?rest_route=\/wp\/v2\/posts\/25090","targetHints":{"allow":["GET"]}}],"collection":[{"href":"http:\/\/elcensornoticias.com\/index.php?rest_route=\/wp\/v2\/posts"}],"about":[{"href":"http:\/\/elcensornoticias.com\/index.php?rest_route=\/wp\/v2\/types\/post"}],"author":[{"embeddable":true,"href":"http:\/\/elcensornoticias.com\/index.php?rest_route=\/wp\/v2\/users\/1"}],"replies":[{"embeddable":true,"href":"http:\/\/elcensornoticias.com\/index.php?rest_route=%2Fwp%2Fv2%2Fcomments&post=25090"}],"version-history":[{"count":1,"href":"http:\/\/elcensornoticias.com\/index.php?rest_route=\/wp\/v2\/posts\/25090\/revisions"}],"predecessor-version":[{"id":25092,"href":"http:\/\/elcensornoticias.com\/index.php?rest_route=\/wp\/v2\/posts\/25090\/revisions\/25092"}],"wp:featuredmedia":[{"embeddable":true,"href":"http:\/\/elcensornoticias.com\/index.php?rest_route=\/wp\/v2\/media\/25091"}],"wp:attachment":[{"href":"http:\/\/elcensornoticias.com\/index.php?rest_route=%2Fwp%2Fv2%2Fmedia&parent=25090"}],"wp:term":[{"taxonomy":"category","embeddable":true,"href":"http:\/\/elcensornoticias.com\/index.php?rest_route=%2Fwp%2Fv2%2Fcategories&post=25090"},{"taxonomy":"post_tag","embeddable":true,"href":"http:\/\/elcensornoticias.com\/index.php?rest_route=%2Fwp%2Fv2%2Ftags&post=25090"}],"curies":[{"name":"wp","href":"https:\/\/api.w.org\/{rel}","templated":true}]}}