{"id":25075,"date":"2023-03-17T00:43:38","date_gmt":"2023-03-17T00:43:38","guid":{"rendered":"http:\/\/elcensornoticias.com\/?p=25075"},"modified":"2023-03-17T00:43:43","modified_gmt":"2023-03-17T00:43:43","slug":"aprueba-lxiv-legislatura-emitir-exhorto-a-los-congresos-locales-en-materia-de-cuidado-ambiental","status":"publish","type":"post","link":"http:\/\/elcensornoticias.com\/?p=25075","title":{"rendered":"Aprueba LXIV Legislatura emitir exhorto a los Congresos locales en materia de cuidado ambiental"},"content":{"rendered":"\n<p><em>La diputada Marcela Gonz\u00e1lez Castillo presidenta de la comisi\u00f3n de Medio Ambiente explic\u00f3 que se\u00a0\u00a0busca promover estrategias globales en beneficio del derecho humano a un medio ambiente sano.<\/em><\/p>\n\n\n\n<p>Durante la d\u00e9cima octava sesi\u00f3n ordinaria las y los legisladores aprobaron la iniciativa con car\u00e1cter de dictamen con proyecto de acuerdo por el que se exhorta respetuosamente a los Congresos locales de las Entidades Federativas a incentivar pol\u00edticas p\u00fablicas transversales, acciones y programas en materia de educaci\u00f3n al cuidado ambiental.<\/p>\n\n\n\n<p>Todo esto con la finalidad de aplicar de manera cercana a la ciudadan\u00eda los Objetivos de Desarrollo Sostenible (ODS) de la Agenda 2030 y abonar a la construcci\u00f3n de comunidades sostenibles, puesto que los Congresos locales son una pieza clave para conocer y atender desde el \u00e1mbito de sus competencias las necesidades de la ciudadan\u00eda.&nbsp;<\/p>\n\n\n\n<p>En la m\u00e1xima tribuna tlaxcalteca, se reconoci\u00f3 el compromiso que deben atender las y los legisladores de todo el pa\u00eds para crear, fomentar y fortalecer medidas para contribuir con la implementaci\u00f3n de los diversos tratados internacionales, proyectos ecol\u00f3gicos, la agenda 2030 de desarrollo sostenible y dem\u00e1s estrategias globales en beneficio del derecho humano a un medio ambiente sano.&nbsp;<\/p>\n\n\n\n<p>De esta manera, la Comisi\u00f3n de Medio Ambiente y Recursos Naturales que preside la diputada Marcela Gonz\u00e1lez Castillo, busca con dicha iniciativa que la educaci\u00f3n ambiental garantice un proceso exitoso, eficaz y eficiente que promueva la sostenibilidad como proyecto social, basado principalmente en la justicia social, la distribuci\u00f3n equilibrada de la riqueza, la preservaci\u00f3n y conservaci\u00f3n de la naturaleza, as\u00ed como la promoci\u00f3n de una forma de vida sustentable.&nbsp;&nbsp;<\/p>\n","protected":false},"excerpt":{"rendered":"<p>La diputada Marcela Gonz\u00e1lez Castillo presidenta de la comisi\u00f3n de Medio Ambiente explic\u00f3 que se\u00a0\u00a0busca promover estrategias globales en beneficio del derecho humano a un medio ambiente sano. Durante la d\u00e9cima octava sesi\u00f3n ordinaria las y los legisladores aprobaron la iniciativa con car\u00e1cter de dictamen con proyecto de acuerdo por el que se exhorta respetuosamente [&hellip;]<\/p>\n","protected":false},"author":1,"featured_media":25076,"comment_status":"open","ping_status":"open","sticky":false,"template":"","format":"standard","meta":{"advanced_seo_description":"","jetpack_seo_html_title":"","jetpack_seo_noindex":false,"footnotes":"","jetpack_publicize_message":"","jetpack_is_tweetstorm":false,"jetpack_publicize_feature_enabled":true,"jetpack_social_post_already_shared":true,"jetpack_social_options":{"image_generator_settings":{"template":"highway","enabled":false}}},"categories":[27,2],"tags":[],"class_list":["post-25075","post","type-post","status-publish","format-standard","has-post-thumbnail","hentry","category-congreso","category-destacadas"],"jetpack_publicize_connections":[],"jetpack_featured_media_url":"http:\/\/elcensornoticias.com\/wp-content\/uploads\/2023\/03\/a919c979-90fb-4379-980d-3ae549c57bd2.jpg","jetpack_likes_enabled":true,"jetpack_sharing_enabled":true,"jetpack_shortlink":"https:\/\/wp.me\/p6xy50-6wr","_links":{"self":[{"href":"http:\/\/elcensornoticias.com\/index.php?rest_route=\/wp\/v2\/posts\/25075","targetHints":{"allow":["GET"]}}],"collection":[{"href":"http:\/\/elcensornoticias.com\/index.php?rest_route=\/wp\/v2\/posts"}],"about":[{"href":"http:\/\/elcensornoticias.com\/index.php?rest_route=\/wp\/v2\/types\/post"}],"author":[{"embeddable":true,"href":"http:\/\/elcensornoticias.com\/index.php?rest_route=\/wp\/v2\/users\/1"}],"replies":[{"embeddable":true,"href":"http:\/\/elcensornoticias.com\/index.php?rest_route=%2Fwp%2Fv2%2Fcomments&post=25075"}],"version-history":[{"count":1,"href":"http:\/\/elcensornoticias.com\/index.php?rest_route=\/wp\/v2\/posts\/25075\/revisions"}],"predecessor-version":[{"id":25077,"href":"http:\/\/elcensornoticias.com\/index.php?rest_route=\/wp\/v2\/posts\/25075\/revisions\/25077"}],"wp:featuredmedia":[{"embeddable":true,"href":"http:\/\/elcensornoticias.com\/index.php?rest_route=\/wp\/v2\/media\/25076"}],"wp:attachment":[{"href":"http:\/\/elcensornoticias.com\/index.php?rest_route=%2Fwp%2Fv2%2Fmedia&parent=25075"}],"wp:term":[{"taxonomy":"category","embeddable":true,"href":"http:\/\/elcensornoticias.com\/index.php?rest_route=%2Fwp%2Fv2%2Fcategories&post=25075"},{"taxonomy":"post_tag","embeddable":true,"href":"http:\/\/elcensornoticias.com\/index.php?rest_route=%2Fwp%2Fv2%2Ftags&post=25075"}],"curies":[{"name":"wp","href":"https:\/\/api.w.org\/{rel}","templated":true}]}}