{"id":25069,"date":"2023-03-17T00:40:07","date_gmt":"2023-03-17T00:40:07","guid":{"rendered":"http:\/\/elcensornoticias.com\/?p=25069"},"modified":"2023-03-17T00:40:10","modified_gmt":"2023-03-17T00:40:10","slug":"el-instituto-de-cultura-del-estado-de-durango-celebrara-el-dia-del-artesano","status":"publish","type":"post","link":"http:\/\/elcensornoticias.com\/?p=25069","title":{"rendered":"El Instituto de Cultura del Estado de Durango celebrar\u00e1 el D\u00eda del Artesano"},"content":{"rendered":"\n<p>En el marco de la celebraci\u00f3n del D\u00eda del Artesano, el Gobierno del Estado de Durango, a trav\u00e9s del Instituto de Cultura, por medio de la Coordinaci\u00f3n de Culturas Populares, llevar\u00e1 a cabo diversas actividades con el objetivo de impulsar la producci\u00f3n artesanal que contribuya a rescatar, preservar, proteger, fomentar y promover el desarrollo de esta actividad, adem\u00e1s de reconocer y visibilizar la importante labor que realizan las y los artesanos de nuestra entidad.<\/p>\n\n\n\n<p>Del 17 al 20 de marzo de 2023 en la Plaza Fundadores, se estar\u00e1n realizando actividades art\u00edsticas y culturales, reuniendo a artesanos de los municipios de El Mezquital, Durango, Nombre de Dios, S\u00fachil, as\u00ed como artesanos migrantes de Jalisco y Oaxaca, que ofrecer\u00e1n productos elaborados de manera tradicional.<\/p>\n\n\n\n<p>Las actividades del D\u00eda del Artesano se extienden hasta el municipio de Ciudad Lerdo, donde el viernes 17 de marzo se llevar\u00e1 a cabo la ceremonia de entrega del XVIII Premio Estatal de Artesan\u00eda \u201cSantos Vega Camargo\u201d a los 3 artesanos que resultaron ganadores en esta emisi\u00f3n, originarios de los municipios de G\u00f3mez Palacio y Lerdo, de acuerdo a la cobertura de la convocatoria en la regi\u00f3n laguna.<\/p>\n\n\n\n<p>El domingo 19 de marzo, se ofrecer\u00e1 la reliquia en honor al Se\u00f1or San Jos\u00e9 patrono de los artesanos, continuando con la ceremonia de entrega del XVIII Premio Estatal de Artesan\u00eda \u201cSantos Vega Camargo\u201d , a los 3 artesanos que resultaron ganadores en esta emisi\u00f3n, originarios de los municipios de Nombre de Dios, Durango y de la localidad La Guajolota, municipio de El Mezquital.<\/p>\n\n\n\n<p>Se extiende la invitaci\u00f3n a todo p\u00fablico, tanto a asistir para conocer m\u00e1s de este particular trabajo, los productos artesanales que los artesanos ofrecer\u00e1n durante esos d\u00edas con la finalidad de impulsar el trabajo artesanal de los productores de nuestra localidad y estados invitados.<\/p>\n","protected":false},"excerpt":{"rendered":"<p>En el marco de la celebraci\u00f3n del D\u00eda del Artesano, el Gobierno del Estado de Durango, a trav\u00e9s del Instituto de Cultura, por medio de la Coordinaci\u00f3n de Culturas Populares, llevar\u00e1 a cabo diversas actividades con el objetivo de impulsar la producci\u00f3n artesanal que contribuya a rescatar, preservar, proteger, fomentar y promover el desarrollo de [&hellip;]<\/p>\n","protected":false},"author":1,"featured_media":25070,"comment_status":"open","ping_status":"open","sticky":false,"template":"","format":"standard","meta":{"advanced_seo_description":"","jetpack_seo_html_title":"","jetpack_seo_noindex":false,"footnotes":"","jetpack_publicize_message":"","jetpack_is_tweetstorm":false,"jetpack_publicize_feature_enabled":true,"jetpack_social_post_already_shared":true,"jetpack_social_options":{"image_generator_settings":{"template":"highway","enabled":false}}},"categories":[26,4],"tags":[],"class_list":["post-25069","post","type-post","status-publish","format-standard","has-post-thumbnail","hentry","category-cultura","category-noticias"],"jetpack_publicize_connections":[],"jetpack_featured_media_url":"http:\/\/elcensornoticias.com\/wp-content\/uploads\/2023\/03\/3-1.jpg","jetpack_likes_enabled":true,"jetpack_sharing_enabled":true,"jetpack_shortlink":"https:\/\/wp.me\/p6xy50-6wl","_links":{"self":[{"href":"http:\/\/elcensornoticias.com\/index.php?rest_route=\/wp\/v2\/posts\/25069","targetHints":{"allow":["GET"]}}],"collection":[{"href":"http:\/\/elcensornoticias.com\/index.php?rest_route=\/wp\/v2\/posts"}],"about":[{"href":"http:\/\/elcensornoticias.com\/index.php?rest_route=\/wp\/v2\/types\/post"}],"author":[{"embeddable":true,"href":"http:\/\/elcensornoticias.com\/index.php?rest_route=\/wp\/v2\/users\/1"}],"replies":[{"embeddable":true,"href":"http:\/\/elcensornoticias.com\/index.php?rest_route=%2Fwp%2Fv2%2Fcomments&post=25069"}],"version-history":[{"count":1,"href":"http:\/\/elcensornoticias.com\/index.php?rest_route=\/wp\/v2\/posts\/25069\/revisions"}],"predecessor-version":[{"id":25071,"href":"http:\/\/elcensornoticias.com\/index.php?rest_route=\/wp\/v2\/posts\/25069\/revisions\/25071"}],"wp:featuredmedia":[{"embeddable":true,"href":"http:\/\/elcensornoticias.com\/index.php?rest_route=\/wp\/v2\/media\/25070"}],"wp:attachment":[{"href":"http:\/\/elcensornoticias.com\/index.php?rest_route=%2Fwp%2Fv2%2Fmedia&parent=25069"}],"wp:term":[{"taxonomy":"category","embeddable":true,"href":"http:\/\/elcensornoticias.com\/index.php?rest_route=%2Fwp%2Fv2%2Fcategories&post=25069"},{"taxonomy":"post_tag","embeddable":true,"href":"http:\/\/elcensornoticias.com\/index.php?rest_route=%2Fwp%2Fv2%2Ftags&post=25069"}],"curies":[{"name":"wp","href":"https:\/\/api.w.org\/{rel}","templated":true}]}}