{"id":25057,"date":"2023-03-17T00:29:55","date_gmt":"2023-03-17T00:29:55","guid":{"rendered":"http:\/\/elcensornoticias.com\/?p=25057"},"modified":"2023-03-17T00:29:58","modified_gmt":"2023-03-17T00:29:58","slug":"osamenta-hallada-recientemente-en-palenque-habria-sido-de-una-mujer-foranea-revela-analisis","status":"publish","type":"post","link":"http:\/\/elcensornoticias.com\/?p=25057","title":{"rendered":"Osamenta hallada recientemente en Palenque habr\u00eda sido de una mujer for\u00e1nea, revela an\u00e1lisis"},"content":{"rendered":"\n<ul class=\"wp-block-list\"><li><strong>Expertos concluyen que la deformaci\u00f3n craneal tabular erecta que presenta contrasta con el patr\u00f3n local que tend\u00eda a la deformaci\u00f3n tabular oblicua<\/strong><\/li><\/ul>\n\n\n\n<ul class=\"wp-block-list\"><li><strong>La \u201cSe\u00f1ora SAS\u201d, como fue nombrada, habr\u00eda fallecido entre los 45 y 50 a\u00f1os de edad, acorde con el l\u00edmite de la esperanza de vida en la \u00e9poca prehisp\u00e1nica<\/strong><\/li><\/ul>\n\n\n\n<p>Especialistas han concluido el primer an\u00e1lisis detallado de los restos de la \u201cSe\u00f1ora SAS\u201d, como se le denomin\u00f3 al esqueleto de una mujer prehisp\u00e1nica descubierto en mayo pasado en esta zona arqueol\u00f3gica. Los estudios revelan importantes datos sobre c\u00f3mo vivi\u00f3, su dieta, fisonom\u00eda e, incluso, qu\u00e9 enfermedades padeci\u00f3.<\/p>\n\n\n\n<p>Las observaciones del equipo, integrado por el osteoarque\u00f3logo Luis N\u00fa\u00f1ez Enr\u00edquez y las antrop\u00f3logas f\u00edsicas Miriam Camacho Mart\u00ednez y Luc\u00eda L\u00f3pez Mej\u00eda, adscritos al Proyecto Arqueol\u00f3gico Palenque (PAP), dirigido por la Secretar\u00eda de Cultura federal, a trav\u00e9s del Instituto Nacional de Antropolog\u00eda e Historia (INAH), ratifican las hip\u00f3tesis iniciales de los arque\u00f3logos en campo, respecto a que se trata de un individuo femenino que falleci\u00f3 entre los 45 y los 50 a\u00f1os de edad.<\/p>\n\n\n\n<p>El responsable de la Secci\u00f3n de Osteoarqueolog\u00eda del PAP, Luis N\u00fa\u00f1ez Enr\u00edquez, se\u00f1ala que entre los rasgos sexuales definitorios no solo est\u00e1 la pelvis, m\u00e1s ancha que una masculina para facilitar el desarrollo del embarazo, sino otros dimorfismos manifiestos, por ejemplo, en la glabela, una regi\u00f3n del cr\u00e1neo que es m\u00e1s lisa en las mujeres que en los hombres.<\/p>\n\n\n\n<p>Hasta ahora, abunda el acad\u00e9mico del Instituto de Investigaciones Antropol\u00f3gicas de la Universidad Nacional Aut\u00f3noma de M\u00e9xico, se cree que la \u201cSe\u00f1ora SAS\u201d, cuyo esqueleto fue hallado como parte del \u2018salvamento del \u00e1rea de sanitarios\u2019 de Palenque, durante las obras del Programa de Mejoramiento de Zonas Arqueol\u00f3gicas (Promeza), que se realizan en el marco de los trabajos de acompa\u00f1amiento a la construcci\u00f3n del Tren Maya, muri\u00f3 entre los a\u00f1os 800 y 850 d.C., a partir de la asociaci\u00f3n de su ofrenda \u2013consistente en dos vasijas completas y una fragmentada\u2013 con la cer\u00e1mica palencana de esa etapa hist\u00f3rica.<\/p>\n\n\n\n<p>Otro de los datos precisados es que el cr\u00e1neo presenta deformaci\u00f3n intencional de tipo tabular erecta, que lo expandi\u00f3 en anchura y altura, principalmente.<\/p>\n\n\n\n<p>Al respecto, N\u00fa\u00f1ez Enr\u00edquez explica que en Lakamha\u2019 (antiguo nombre de Palenque) la preferencia cultural era por los modelados cef\u00e1licos tabulares oblicuos, \u201cque alargaban el cr\u00e1neo hacia atr\u00e1s, mientras que, seg\u00fan se ha observado, el tabular erecto lo usaban los individuos ajenos al patr\u00f3n local\u201d.<\/p>\n\n\n\n<p>Una propuesta de los expertos es que la \u201cSe\u00f1ora SAS\u201d pudo ser una extranjera dentro del antiguo reino, no obstante que fue enterrada en un \u00e1rea cercana al n\u00facleo urbano del sitio.<\/p>\n\n\n\n<p>\u201cLos entierros humanos de Palenque suelen ubicarse dentro de los templos o en las \u00e1reas de habitaci\u00f3n, y el espacio donde hallamos este esqueleto \u2013un&nbsp;<a href=\"https:\/\/www.inah.gob.mx\/boletines\/11337-aplicacion-de-programas-vinculados-al-tren-maya-da-pie-a-importantes-descubrimientos-en-palenque\" target=\"_blank\" rel=\"noreferrer noopener\">taller de l\u00edtica<\/a>, seg\u00fan ha informado el INAH\u2013 no es ni lo uno ni lo otro. Una posibilidad es que est\u00e9 asociado con esta actividad, y que quienes laboraban en el taller hayan decidido sepultarla all\u00ed mismo\u201d.<\/p>\n\n\n\n<p><strong>Modificaciones dentales y patolog\u00edas<\/strong><\/p>\n\n\n\n<p>Durante su hallazgo, uno de los rasgos m\u00e1s llamativos de la \u201cSe\u00f1ora SAS\u201d fue una serie de incrustaciones de piedra verde en cuatro de sus dientes frontales y en un canino. Actualmente, la limpieza de su osamenta ha revelado una cuenta tubular de piedra verde que tambi\u00e9n form\u00f3 parte de su ajuar pero que, debido al paso del tiempo y a la presi\u00f3n de la matriz de tierra, estaba oculta bajo su mand\u00edbula.<\/p>\n\n\n\n<p>Sobre el simbolismo de estas incrustaciones y del limado que tambi\u00e9n tienen algunos de los dientes de la mujer, el especialista apunta como poco probable que tuviera una relaci\u00f3n de estatus econ\u00f3mico-social.<\/p>\n\n\n\n<p>En Palenque, \u201cse han excavado contextos populares en los que hay esqueletos que tambi\u00e9n tienen limados, incrustaciones y modificaciones dentarias. En contraste, restos \u00f3seos de la \u00e9lite, como el del propio Pakal, no las tienen, es decir, quiz\u00e1 no eran representativas del estatus.<\/p>\n\n\n\n<p>\u201cLa etnograf\u00eda nos muestra a muchas sociedades que, hasta la fecha, como ocurre en \u00c1frica o Sudam\u00e9rica, practican limados dentales y deformaci\u00f3n cef\u00e1lica, reflejando c\u00f3digos entre personas que comparten un lenguaje simb\u00f3lico: que son de una misma etnia o practican un mismo oficio\u201d, comenta el osteoarque\u00f3logo.<\/p>\n\n\n\n<p>Los ex\u00e1menes antropof\u00edsicos tambi\u00e9n han indagado en las patolog\u00edas que afectaron a la mujer prehisp\u00e1nica, entre ellas caries dentales y sarro, indicios de una dieta basada en carbohidratos (ma\u00edz) y prote\u00edna animal.<\/p>\n\n\n\n<p>El informe del equipo distingui\u00f3 adem\u00e1s la existencia de hipoplasia (menor cantidad) de esmalte en los caninos y premolares inferiores de la \u201cSe\u00f1ora SAS\u201d. Asimismo, identific\u00f3 huellas de escorbuto en el cr\u00e1neo, quiz\u00e1 debido a la falta de vitamina C durante sus primeros a\u00f1os de vida.<\/p>\n\n\n\n<p>Un rasgo final a destacar, concluye el an\u00e1lisis osteol\u00f3gico, es que las dos enfermedades ya descritas, adem\u00e1s de otras lesiones como una fractura en la ep\u00edfisis distal, se encontraban sanadas al momento en que falleci\u00f3 la mujer, por lo que se cree que muri\u00f3 de causas naturales, entre los 45 y los 50 a\u00f1os de edad, acorde con el l\u00edmite de la esperanza de vida en la \u00e9poca prehisp\u00e1nica.<\/p>\n","protected":false},"excerpt":{"rendered":"<p>Expertos concluyen que la deformaci\u00f3n craneal tabular erecta que presenta contrasta con el patr\u00f3n local que tend\u00eda a la deformaci\u00f3n tabular oblicua La \u201cSe\u00f1ora SAS\u201d, como fue nombrada, habr\u00eda fallecido entre los 45 y 50 a\u00f1os de edad, acorde con el l\u00edmite de la esperanza de vida en la \u00e9poca prehisp\u00e1nica Especialistas han concluido el [&hellip;]<\/p>\n","protected":false},"author":1,"featured_media":25058,"comment_status":"open","ping_status":"open","sticky":false,"template":"","format":"standard","meta":{"advanced_seo_description":"","jetpack_seo_html_title":"","jetpack_seo_noindex":false,"footnotes":"","jetpack_publicize_message":"","jetpack_is_tweetstorm":false,"jetpack_publicize_feature_enabled":true,"jetpack_social_post_already_shared":true,"jetpack_social_options":{"image_generator_settings":{"template":"highway","enabled":false}}},"categories":[26,4],"tags":[],"class_list":["post-25057","post","type-post","status-publish","format-standard","has-post-thumbnail","hentry","category-cultura","category-noticias"],"jetpack_publicize_connections":[],"jetpack_featured_media_url":"http:\/\/elcensornoticias.com\/wp-content\/uploads\/2023\/03\/Foto-Mauricio-Marat-INAH-1.jpeg","jetpack_likes_enabled":true,"jetpack_sharing_enabled":true,"jetpack_shortlink":"https:\/\/wp.me\/p6xy50-6w9","_links":{"self":[{"href":"http:\/\/elcensornoticias.com\/index.php?rest_route=\/wp\/v2\/posts\/25057","targetHints":{"allow":["GET"]}}],"collection":[{"href":"http:\/\/elcensornoticias.com\/index.php?rest_route=\/wp\/v2\/posts"}],"about":[{"href":"http:\/\/elcensornoticias.com\/index.php?rest_route=\/wp\/v2\/types\/post"}],"author":[{"embeddable":true,"href":"http:\/\/elcensornoticias.com\/index.php?rest_route=\/wp\/v2\/users\/1"}],"replies":[{"embeddable":true,"href":"http:\/\/elcensornoticias.com\/index.php?rest_route=%2Fwp%2Fv2%2Fcomments&post=25057"}],"version-history":[{"count":1,"href":"http:\/\/elcensornoticias.com\/index.php?rest_route=\/wp\/v2\/posts\/25057\/revisions"}],"predecessor-version":[{"id":25059,"href":"http:\/\/elcensornoticias.com\/index.php?rest_route=\/wp\/v2\/posts\/25057\/revisions\/25059"}],"wp:featuredmedia":[{"embeddable":true,"href":"http:\/\/elcensornoticias.com\/index.php?rest_route=\/wp\/v2\/media\/25058"}],"wp:attachment":[{"href":"http:\/\/elcensornoticias.com\/index.php?rest_route=%2Fwp%2Fv2%2Fmedia&parent=25057"}],"wp:term":[{"taxonomy":"category","embeddable":true,"href":"http:\/\/elcensornoticias.com\/index.php?rest_route=%2Fwp%2Fv2%2Fcategories&post=25057"},{"taxonomy":"post_tag","embeddable":true,"href":"http:\/\/elcensornoticias.com\/index.php?rest_route=%2Fwp%2Fv2%2Ftags&post=25057"}],"curies":[{"name":"wp","href":"https:\/\/api.w.org\/{rel}","templated":true}]}}