{"id":24921,"date":"2023-03-15T00:51:52","date_gmt":"2023-03-15T00:51:52","guid":{"rendered":"http:\/\/elcensornoticias.com\/?p=24921"},"modified":"2023-03-15T00:51:55","modified_gmt":"2023-03-15T00:51:55","slug":"inauguran-casa-de-dia-del-adulto-mayor-del-sistema-estatal-dif-en-apetatitlan","status":"publish","type":"post","link":"http:\/\/elcensornoticias.com\/?p=24921","title":{"rendered":"INAUGURAN CASA DE D\u00cdA DEL ADULTO MAYOR DEL SISTEMA ESTATAL DIF EN APETATITL\u00c1N"},"content":{"rendered":"\n<p>Este lugar contribuir\u00e1 a la integraci\u00f3n, convivencias y capacitaci\u00f3n de las y los adultos mayores<br>La gobernadora Lorena Cu\u00e9llar Cisneros, junto con la presidenta honor\u00edfica del Sistema Estatal para el Desarrollo Integral de la Familia (Sedif), Mariana Espinosa de los Monteros Cu\u00e9llar, inaugur\u00f3 la Casa de D\u00eda del Adulto Mayor que contribuir\u00e1 a la integraci\u00f3n, convivencia, capacitaci\u00f3n y relajaci\u00f3n de las personas mayores.<br>Este espacio est\u00e1 ubicado en el municipio de Apetatitl\u00e1n y contar\u00e1 con actividades culturales, literarias, deportivas, de capacitaci\u00f3n, servicios de terapia ocupacional, atenci\u00f3n geri\u00e1trica, gerontol\u00f3gica, asesor\u00eda legal y psicol\u00f3gica, entre otros.<br>Al respecto, la mandataria estatal record\u00f3 que durante su labor como presidenta municipal impuls\u00f3 la construcci\u00f3n de casas de d\u00eda, y descubri\u00f3 que estos espacios lograban lo que las medicinas no consegu\u00edan, dar \u00e1nimo, felicidad y alegr\u00eda a las y los adultos mayores.<br>Cu\u00e9llar Cisneros refiri\u00f3 que en el inmueble que hoy alberga a la Casa de D\u00eda, antes era un espacio donde los gobernadores atend\u00edan a la ciudadan\u00eda y hoy esta casa \u201cabre sus puertas para atender a lo m\u00e1s preciado que tenemos que son los adultos mayores. Tambi\u00e9n como el presidente de M\u00e9xico, Andr\u00e9s Manuel L\u00f3pez Obrador, sus consentidos son los adultos mayores, por eso comenz\u00f3 con el apoyo por primera vez en el pa\u00eds\u201d.&nbsp;<br>Por otro lado, la gobernadora lament\u00f3 que existan casos de abandono de las personas adultas mayores, as\u00ed como casos de despojo de sus pertenencias, por lo que surge la necesidad de que el estado cuente con un asilo digno para nuestras personas adultas que est\u00e1n en desamparo.&nbsp;<br>En su intervenci\u00f3n, la presidenta honor\u00edfica del Sistema Estatal DIF, Mariana Espinosa de los Monteros explic\u00f3 que se estima que en Tlaxcala hay aproximadamente 145 mil adultos mayores de 65 a\u00f1os y m\u00e1s, quienes podr\u00edan acceder a los servicios que ofrece la Casa de D\u00eda del Adulto con el prop\u00f3sito de promover su integraci\u00f3n en la sociedad, contribuyendo a la creaci\u00f3n de una cultura de respeto y trato digno.<br>\u201cGracias a mi equipo Sedif que hace posible este tipo de proyectos, de esta manera seguimos transformando vidas en Tlaxcala, en este caso facilitando mayores oportunidades de socializaci\u00f3n, capacitaci\u00f3n, desenvolvimiento y desarrollo personal a nuestras abuelitas y abuelitos que son un pilar fundamental de nuestras familias, por lo que debemos mostrarles con nuestras acciones y nuestro amor, respeto todos los d\u00edas\u201d, puntualiz\u00f3.&nbsp;<br>Para finalizar, record\u00f3 que su bisabuela ten\u00eda una frase \u201ccomo te ves me vi, y como me ves te ver\u00e1s, espero tener la fortuna de verme como todos ustedes con esas fuerzas y alegr\u00eda que nos inyectan todos los d\u00edas\u201d.&nbsp;<br>Al evento de inauguraci\u00f3n acudi\u00f3 el presidente municipal de Apetatitl\u00e1n, \u00c1ngelo Guti\u00e9rrez Hern\u00e1ndez; el presidente de la Mesa Directiva del Congreso del estado, Bladimir Zainos Flores; la directora general del Sistema Estatal DIF, Flor L\u00f3pez Hinojosa, as\u00ed como adultos mayores de los municipios de Contla, Yauhquemehcan, Tepetitla, Huactzinco, Nat\u00edvitas, Tlaltelulco, Panotla, Santa Cruz Tlaxcala y Tetlatlahuca.<\/p>\n","protected":false},"excerpt":{"rendered":"<p>Este lugar contribuir\u00e1 a la integraci\u00f3n, convivencias y capacitaci\u00f3n de las y los adultos mayoresLa gobernadora Lorena Cu\u00e9llar Cisneros, junto con la presidenta honor\u00edfica del Sistema Estatal para el Desarrollo Integral de la Familia (Sedif), Mariana Espinosa de los Monteros Cu\u00e9llar, inaugur\u00f3 la Casa de D\u00eda del Adulto Mayor que contribuir\u00e1 a la integraci\u00f3n, convivencia, [&hellip;]<\/p>\n","protected":false},"author":1,"featured_media":24922,"comment_status":"open","ping_status":"open","sticky":false,"template":"","format":"standard","meta":{"advanced_seo_description":"","jetpack_seo_html_title":"","jetpack_seo_noindex":false,"footnotes":"","jetpack_publicize_message":"","jetpack_is_tweetstorm":false,"jetpack_publicize_feature_enabled":true,"jetpack_social_post_already_shared":true,"jetpack_social_options":{"image_generator_settings":{"template":"highway","enabled":false}}},"categories":[5,3],"tags":[],"class_list":["post-24921","post","type-post","status-publish","format-standard","has-post-thumbnail","hentry","category-carrucel","category-gobierno"],"jetpack_publicize_connections":[],"jetpack_featured_media_url":"http:\/\/elcensornoticias.com\/wp-content\/uploads\/2023\/03\/IMG-20230314-WA0039.jpg","jetpack_likes_enabled":true,"jetpack_sharing_enabled":true,"jetpack_shortlink":"https:\/\/wp.me\/p6xy50-6tX","_links":{"self":[{"href":"http:\/\/elcensornoticias.com\/index.php?rest_route=\/wp\/v2\/posts\/24921","targetHints":{"allow":["GET"]}}],"collection":[{"href":"http:\/\/elcensornoticias.com\/index.php?rest_route=\/wp\/v2\/posts"}],"about":[{"href":"http:\/\/elcensornoticias.com\/index.php?rest_route=\/wp\/v2\/types\/post"}],"author":[{"embeddable":true,"href":"http:\/\/elcensornoticias.com\/index.php?rest_route=\/wp\/v2\/users\/1"}],"replies":[{"embeddable":true,"href":"http:\/\/elcensornoticias.com\/index.php?rest_route=%2Fwp%2Fv2%2Fcomments&post=24921"}],"version-history":[{"count":1,"href":"http:\/\/elcensornoticias.com\/index.php?rest_route=\/wp\/v2\/posts\/24921\/revisions"}],"predecessor-version":[{"id":24923,"href":"http:\/\/elcensornoticias.com\/index.php?rest_route=\/wp\/v2\/posts\/24921\/revisions\/24923"}],"wp:featuredmedia":[{"embeddable":true,"href":"http:\/\/elcensornoticias.com\/index.php?rest_route=\/wp\/v2\/media\/24922"}],"wp:attachment":[{"href":"http:\/\/elcensornoticias.com\/index.php?rest_route=%2Fwp%2Fv2%2Fmedia&parent=24921"}],"wp:term":[{"taxonomy":"category","embeddable":true,"href":"http:\/\/elcensornoticias.com\/index.php?rest_route=%2Fwp%2Fv2%2Fcategories&post=24921"},{"taxonomy":"post_tag","embeddable":true,"href":"http:\/\/elcensornoticias.com\/index.php?rest_route=%2Fwp%2Fv2%2Ftags&post=24921"}],"curies":[{"name":"wp","href":"https:\/\/api.w.org\/{rel}","templated":true}]}}