{"id":24901,"date":"2023-03-15T00:22:33","date_gmt":"2023-03-15T00:22:33","guid":{"rendered":"http:\/\/elcensornoticias.com\/?p=24901"},"modified":"2023-03-15T00:26:08","modified_gmt":"2023-03-15T00:26:08","slug":"el-palacio-de-cultura-de-tlaxcala-vibrara-con-el-concierto-la-vida-es-increible","status":"publish","type":"post","link":"http:\/\/elcensornoticias.com\/?p=24901","title":{"rendered":"El Palacio de Cultura de Tlaxcala vibrar\u00e1 con el concierto \u00abLa vida es incre\u00edble\u00bb"},"content":{"rendered":"\n<ul class=\"wp-block-list\"><li>Con la m\u00fasica del cantautor Jos\u00e9 Cort\u00e9s Villegas <\/li><li><strong>La cita es el 18 de marzo de 2023 a las 16:00 horas, con acceso gratuito a todo p\u00fablico<\/strong><\/li><\/ul>\n\n\n\n<p>Interpretando canciones que narran las historias de su vida y su amor por su tierra, el cantautor tlaxcalteca Jos\u00e9 Cort\u00e9s Villegas celebrar\u00e1 sus 99 a\u00f1os de vida con el concierto \u201cLa vida es incre\u00edble\u201d, a celebrarse el 18 de marzo de 2023 a las 16:00 horas en el Palacio de Cultura de Tlaxcala.<\/p>\n\n\n\n<p>Con un repertorio que incluye canciones como&nbsp;<em>Bajo el cielo de Tlaxcala<\/em>,&nbsp;<em>Dos ni\u00f1as estrellitas<\/em>,&nbsp;<em>Ya no soy el mismo<\/em>, as\u00ed como<em>&nbsp;La vida es incre\u00edble<\/em>, el artista originario de la comunidad de San Marcos Contla, Tlaxcala, ofrecer\u00e1 una especie de narraci\u00f3n sobre su vida como tlaxcalteca en Estados Unidos.<\/p>\n\n\n\n<p>\u201cLas canciones cuentan muchas de sus historias y sus aventuras. El maestro Cort\u00e9s Villegas es una persona que desde muy peque\u00f1o pas\u00f3 por mucho, sufri\u00f3 maltrato, y eso lo orill\u00f3 a que desde muy joven decidiera emigrar a los Estados Unidos. Luego, regres\u00f3 a M\u00e9xico y se dedic\u00f3 de lleno a la composici\u00f3n de su m\u00fasica, a la escritura y tambi\u00e9n al cultivo de alimentos para su propio consumo\u201d, comenta en entrevista el promotor cultural y presidente de la Uni\u00f3n de Artesanos de la Plaza Xicoht\u00e9ncatl A.C., Jos\u00e9 Luis Fern\u00e1ndez Carmona.<\/p>\n\n\n\n<p>Al hablar sobre el concierto \u201cLa vida es incre\u00edble\u201d, que organiza en conjunto con la Secretar\u00eda de Cultura federal, el promotor cultural se\u00f1ala que el cantautor Jos\u00e9 Cort\u00e9s Villegas estar\u00e1 acompa\u00f1ado por uno de sus m\u00e1s \u00edntimos amigos, el guitarrista Apolinar Rojas Flores.<\/p>\n\n\n\n<p>Agrega que, durante la celebraci\u00f3n de este concierto, el cantautor tlaxcalteca aprovechar\u00e1 para hacer la presentaci\u00f3n de su libro de memorias&nbsp;<em>La historia de un ni\u00f1o de San Marcos Contla,&nbsp;<\/em>el cual sumergir\u00e1 a las y los lectores en la vida de este personaje entra\u00f1able de la cultura tlaxcalteca.<\/p>\n\n\n\n<p>\u201cTiene la intenci\u00f3n de presentar su libro en donde nos va a contar la historia de su vida, las vicisitudes que tuvo que enfrentar como migrante y luego las que vivi\u00f3 al regresar al pueblo que lo vio nacer. Sin duda se trata de uno de los personajes m\u00e1s interesantes del estado; yo les digo a todos mis colegas que Jos\u00e9 Cort\u00e9s Villegas es nuestro \u2018Chavela Vargas\u2019 tlaxcalteca\u201d, dice Fern\u00e1ndez Carmona.<\/p>\n\n\n\n<p>El concierto \u201cLa vida es incre\u00edble\u201d se llevar\u00e1 a cabo a las 16:00 horas en el Palacio de Cultura de Tlaxcala, sede de la Secretar\u00eda de Cultura del Gobierno de M\u00e9xico, ubicado en Av. Ju\u00e1rez 62, Col. Centro, en la ciudad Tlaxcala de Xicoht\u00e9ncatl, Tlaxcala.<\/p>\n\n\n\n<p>Cabe recordar que el acceso a este concierto y a todas las actividades en la sede de la Secretar\u00eda de Cultura federal es gratuito.<\/p>\n","protected":false},"excerpt":{"rendered":"<p>Con la m\u00fasica del cantautor Jos\u00e9 Cort\u00e9s Villegas La cita es el 18 de marzo de 2023 a las 16:00 horas, con acceso gratuito a todo p\u00fablico Interpretando canciones que narran las historias de su vida y su amor por su tierra, el cantautor tlaxcalteca Jos\u00e9 Cort\u00e9s Villegas celebrar\u00e1 sus 99 a\u00f1os de vida con [&hellip;]<\/p>\n","protected":false},"author":1,"featured_media":24902,"comment_status":"open","ping_status":"open","sticky":false,"template":"","format":"standard","meta":{"advanced_seo_description":"","jetpack_seo_html_title":"","jetpack_seo_noindex":false,"footnotes":"","jetpack_publicize_message":"","jetpack_is_tweetstorm":false,"jetpack_publicize_feature_enabled":true,"jetpack_social_post_already_shared":true,"jetpack_social_options":{"image_generator_settings":{"template":"highway","enabled":false}}},"categories":[26,4],"tags":[],"class_list":["post-24901","post","type-post","status-publish","format-standard","has-post-thumbnail","hentry","category-cultura","category-noticias"],"jetpack_publicize_connections":[],"jetpack_featured_media_url":"http:\/\/elcensornoticias.com\/wp-content\/uploads\/2023\/03\/Foto_Cortesia-2.jpeg","jetpack_likes_enabled":true,"jetpack_sharing_enabled":true,"jetpack_shortlink":"https:\/\/wp.me\/p6xy50-6tD","_links":{"self":[{"href":"http:\/\/elcensornoticias.com\/index.php?rest_route=\/wp\/v2\/posts\/24901","targetHints":{"allow":["GET"]}}],"collection":[{"href":"http:\/\/elcensornoticias.com\/index.php?rest_route=\/wp\/v2\/posts"}],"about":[{"href":"http:\/\/elcensornoticias.com\/index.php?rest_route=\/wp\/v2\/types\/post"}],"author":[{"embeddable":true,"href":"http:\/\/elcensornoticias.com\/index.php?rest_route=\/wp\/v2\/users\/1"}],"replies":[{"embeddable":true,"href":"http:\/\/elcensornoticias.com\/index.php?rest_route=%2Fwp%2Fv2%2Fcomments&post=24901"}],"version-history":[{"count":1,"href":"http:\/\/elcensornoticias.com\/index.php?rest_route=\/wp\/v2\/posts\/24901\/revisions"}],"predecessor-version":[{"id":24903,"href":"http:\/\/elcensornoticias.com\/index.php?rest_route=\/wp\/v2\/posts\/24901\/revisions\/24903"}],"wp:featuredmedia":[{"embeddable":true,"href":"http:\/\/elcensornoticias.com\/index.php?rest_route=\/wp\/v2\/media\/24902"}],"wp:attachment":[{"href":"http:\/\/elcensornoticias.com\/index.php?rest_route=%2Fwp%2Fv2%2Fmedia&parent=24901"}],"wp:term":[{"taxonomy":"category","embeddable":true,"href":"http:\/\/elcensornoticias.com\/index.php?rest_route=%2Fwp%2Fv2%2Fcategories&post=24901"},{"taxonomy":"post_tag","embeddable":true,"href":"http:\/\/elcensornoticias.com\/index.php?rest_route=%2Fwp%2Fv2%2Ftags&post=24901"}],"curies":[{"name":"wp","href":"https:\/\/api.w.org\/{rel}","templated":true}]}}