{"id":24892,"date":"2023-03-14T23:44:42","date_gmt":"2023-03-14T23:44:42","guid":{"rendered":"http:\/\/elcensornoticias.com\/?p=24892"},"modified":"2023-03-14T23:44:46","modified_gmt":"2023-03-14T23:44:46","slug":"inicia-rector-de-la-uatx-glosas-de-su-informe-de-actividades","status":"publish","type":"post","link":"http:\/\/elcensornoticias.com\/?p=24892","title":{"rendered":"Inicia Rector de la UATx glosas de su informe de actividades"},"content":{"rendered":"\n<p><strong>En la Unidad Acad\u00e9mica Multidisciplinaria Campus Calpulalpan<\/strong><\/p>\n\n\n\n<p>Para socializar los avances alcanzados de la Universidad Aut\u00f3noma de Tlaxcala (UATx) en el \u00faltimo a\u00f1o, el Rector, Doctor Seraf\u00edn Ortiz Ortiz, inici\u00f3 con la presentaci\u00f3n de las glosas correspondientes a su primer informe de actividades 2022-2023, en esta ocasi\u00f3n, en la Unidad Acad\u00e9mica Multidisciplinaria Campus Calpulalpan (UAMCC).<\/p>\n\n\n\n<p>En su intervenci\u00f3n, el Rector se\u00f1al\u00f3 que, este acto de reflexi\u00f3n, se enmarca en la visi\u00f3n de un Rectorado Itinerante que se ejecuta en esta Universidad, englobado en el Plan Institucional de Mejoramiento Acelerado (PIMA), por ello, se emprende este di\u00e1logo para dar a conocer a toda la comunidad lo que la UATx aporta para la ciudan\u00eda tlaxcalteca.<\/p>\n\n\n\n<p>Indic\u00f3 que, los universitarios, dinamizamos un proceso in\u00e9dito para M\u00e9xico con un trabajo conjunto que se incub\u00f3 durante a\u00f1os para que, un miembro de esta Casa de Estudios, asumiera la titularidad de la Asociaci\u00f3n Nacional de Universidades e Instituciones de Educaci\u00f3n Superior (ANUIES).<\/p>\n\n\n\n<p>Agreg\u00f3 que, como evidencia de este liderazgo, la UATx ha sido sede de eventos de relevancia como la hist\u00f3rica visita de la Secretaria de Educaci\u00f3n P\u00fablica federal, la Maestra Leticia Ram\u00edrez Amaya, efectuada para dise\u00f1ar pol\u00edticas p\u00fablicas en la materia, acuerdos de los cuales ahora se habla en el pa\u00eds. Refiri\u00f3 que, otra muestra del impacto nacional de la Aut\u00f3noma de Tlaxcala, es la presidencia del Consejo Regional Centro \u2013 Sur de ANUIES, que direcciona la educaci\u00f3n superior de esta circunscripci\u00f3n.<\/p>\n\n\n\n<p>Asegur\u00f3 que, la m\u00e1xima Casa de Estudios de la entidad, es talentosa en la pr\u00e1ctica de la docencia, porque tiene un modelo propio, recientemente revitalizado, que se ha denominado Modelo Humanista Integrador basado en Capacidades (MHIC), el cual se sustenta en la Autorrealizaci\u00f3n, permitiendo que el educando se autorreconozca, se autodetermine y se autorrealice para concretar sus metas con esfuerzos propios y apoyados en la familia, impactando posteriormente en la calidad de vida de la sociedad.<\/p>\n\n\n\n<p>Al hacer uso de la voz, el Qu\u00edmico Ren\u00e9 Grada Yautenzi, Director de la UAMCC, sostuvo que, la administraci\u00f3n que encabeza el Doctor Seraf\u00edn Ortiz, se ha desempe\u00f1ado de manera eficaz y eficiente, lo que ha llevado a la transformaci\u00f3n que se vive en la instituci\u00f3n para elevar la calidad educativa y continuar siendo un referente de desarrollo social.<\/p>\n\n\n\n<p>En este evento, se cont\u00f3 con la presencia de la comunidad docente y estudiantil, as\u00ed como de la estructura directiva de la instituci\u00f3n.<\/p>\n","protected":false},"excerpt":{"rendered":"<p>En la Unidad Acad\u00e9mica Multidisciplinaria Campus Calpulalpan Para socializar los avances alcanzados de la Universidad Aut\u00f3noma de Tlaxcala (UATx) en el \u00faltimo a\u00f1o, el Rector, Doctor Seraf\u00edn Ortiz Ortiz, inici\u00f3 con la presentaci\u00f3n de las glosas correspondientes a su primer informe de actividades 2022-2023, en esta ocasi\u00f3n, en la Unidad Acad\u00e9mica Multidisciplinaria Campus Calpulalpan (UAMCC). [&hellip;]<\/p>\n","protected":false},"author":1,"featured_media":24893,"comment_status":"open","ping_status":"open","sticky":false,"template":"","format":"standard","meta":{"advanced_seo_description":"","jetpack_seo_html_title":"","jetpack_seo_noindex":false,"footnotes":"","jetpack_publicize_message":"","jetpack_is_tweetstorm":false,"jetpack_publicize_feature_enabled":true,"jetpack_social_post_already_shared":true,"jetpack_social_options":{"image_generator_settings":{"template":"highway","enabled":false}}},"categories":[2,28],"tags":[],"class_list":["post-24892","post","type-post","status-publish","format-standard","has-post-thumbnail","hentry","category-destacadas","category-educacion"],"jetpack_publicize_connections":[],"jetpack_featured_media_url":"http:\/\/elcensornoticias.com\/wp-content\/uploads\/2023\/03\/14-Boletin-A.jpg","jetpack_likes_enabled":true,"jetpack_sharing_enabled":true,"jetpack_shortlink":"https:\/\/wp.me\/p6xy50-6tu","_links":{"self":[{"href":"http:\/\/elcensornoticias.com\/index.php?rest_route=\/wp\/v2\/posts\/24892","targetHints":{"allow":["GET"]}}],"collection":[{"href":"http:\/\/elcensornoticias.com\/index.php?rest_route=\/wp\/v2\/posts"}],"about":[{"href":"http:\/\/elcensornoticias.com\/index.php?rest_route=\/wp\/v2\/types\/post"}],"author":[{"embeddable":true,"href":"http:\/\/elcensornoticias.com\/index.php?rest_route=\/wp\/v2\/users\/1"}],"replies":[{"embeddable":true,"href":"http:\/\/elcensornoticias.com\/index.php?rest_route=%2Fwp%2Fv2%2Fcomments&post=24892"}],"version-history":[{"count":1,"href":"http:\/\/elcensornoticias.com\/index.php?rest_route=\/wp\/v2\/posts\/24892\/revisions"}],"predecessor-version":[{"id":24894,"href":"http:\/\/elcensornoticias.com\/index.php?rest_route=\/wp\/v2\/posts\/24892\/revisions\/24894"}],"wp:featuredmedia":[{"embeddable":true,"href":"http:\/\/elcensornoticias.com\/index.php?rest_route=\/wp\/v2\/media\/24893"}],"wp:attachment":[{"href":"http:\/\/elcensornoticias.com\/index.php?rest_route=%2Fwp%2Fv2%2Fmedia&parent=24892"}],"wp:term":[{"taxonomy":"category","embeddable":true,"href":"http:\/\/elcensornoticias.com\/index.php?rest_route=%2Fwp%2Fv2%2Fcategories&post=24892"},{"taxonomy":"post_tag","embeddable":true,"href":"http:\/\/elcensornoticias.com\/index.php?rest_route=%2Fwp%2Fv2%2Ftags&post=24892"}],"curies":[{"name":"wp","href":"https:\/\/api.w.org\/{rel}","templated":true}]}}