{"id":24886,"date":"2023-03-14T23:38:16","date_gmt":"2023-03-14T23:38:16","guid":{"rendered":"http:\/\/elcensornoticias.com\/?p=24886"},"modified":"2023-03-14T23:38:20","modified_gmt":"2023-03-14T23:38:20","slug":"programa-de-apoyo-al-desarrollo-del-sector-automotriz-2023","status":"publish","type":"post","link":"http:\/\/elcensornoticias.com\/?p=24886","title":{"rendered":"PROGRAMA DE APOYO AL DESARROLLO DEL SECTOR AUTOMOTRIZ 2023"},"content":{"rendered":"\n<p>Las empresas recibir\u00e1n por parte de la Sedeco apoyo econ\u00f3mico para afiliarse a la asociaci\u00f3n<br>El gobierno del estado, a trav\u00e9s de la Secretar\u00eda de Desarrollo Econ\u00f3mico (Sedeco) y el Cl\u00faster Automotriz Zona Centro (Clauz), present\u00f3 el \u201cPrograma de apoyo al desarrollo del sector automotriz para el ejercicio 2023\u201d, con el fin de apoyar a este rubro en el estado, el cual cuenta con 49 empresas de autopartes.<br>Lo anterior, como parte de las estrategias de la gobernadora Lorena Cu\u00e9llar Cisneros, para que las empresas y organizaciones instaladas en Tlaxcala cuenten con un subsidio del 50 por ciento del costo total de una membres\u00eda para pertenecer al Cl\u00faster y de esta forma recibir\u00e1n servicios y beneficios de la asociaci\u00f3n que agrupa a empresas importantes en la entidad y del estado vecino de Puebla.<br>En el evento, la directora de Industria de Sedeco, Mar\u00eda Jos\u00e9 Lechuga Dur\u00e1n, en representaci\u00f3n del titular Javier Marroqu\u00edn Calder\u00f3n, dio a conocer los requisitos para acceder al apoyo que brindar\u00e1 la instituci\u00f3n para que las empresas interesadas se afilien al Cl\u00faster.<br>Afirm\u00f3 que el monto total del subsidio ser\u00e1 de 500 mil pesos, divididos entre las empresas interesadas en incorporarse a la Asociaci\u00f3n.<br>El presidente del Clauz, Jes\u00fas Rasc\u00f3n Celma afirm\u00f3 que la asociaci\u00f3n es el espacio donde convergen empresas del sector, instituciones acad\u00e9micas y entidades de gobierno, para consolidar proyectos de impulso a la actividad econ\u00f3mica, el fortalecimiento de las capacidades t\u00e9cnicas, humanas y productivas existentes en la cadena de proveedur\u00eda, con el objetivo de que juntos creen un frente a las oportunidades y retos del sector, as\u00ed como el \u00e9xito y progreso de todas las empresas.<br>\u201cSi algo nos dej\u00f3 ver la pandemia de Covid-19, es que sin la industria de Tlaxcala, la industria automotriz de Norteam\u00e9rica y de algunas regiones del mundo no puede existir, ya que no puede obtener los componentes para su producci\u00f3n\u201d, ahond\u00f3.<br>El Cl\u00faster Automotriz Zona Centro inici\u00f3 operaciones en los estados de Puebla y Tlaxcala, actualmente tiene m\u00e1s de 76 asociados y afiliados, de los cuales 23 son de Tlaxcala; adem\u00e1s pertenece a la red de los 10 cl\u00fasteres automotrices en la Rep\u00fablica mexicana.<\/p>\n","protected":false},"excerpt":{"rendered":"<p>Las empresas recibir\u00e1n por parte de la Sedeco apoyo econ\u00f3mico para afiliarse a la asociaci\u00f3nEl gobierno del estado, a trav\u00e9s de la Secretar\u00eda de Desarrollo Econ\u00f3mico (Sedeco) y el Cl\u00faster Automotriz Zona Centro (Clauz), present\u00f3 el \u201cPrograma de apoyo al desarrollo del sector automotriz para el ejercicio 2023\u201d, con el fin de apoyar a este [&hellip;]<\/p>\n","protected":false},"author":1,"featured_media":24887,"comment_status":"open","ping_status":"open","sticky":false,"template":"","format":"standard","meta":{"advanced_seo_description":"","jetpack_seo_html_title":"","jetpack_seo_noindex":false,"footnotes":"","jetpack_publicize_message":"","jetpack_is_tweetstorm":false,"jetpack_publicize_feature_enabled":true,"jetpack_social_post_already_shared":true,"jetpack_social_options":{"image_generator_settings":{"template":"highway","enabled":false}}},"categories":[2,3],"tags":[],"class_list":["post-24886","post","type-post","status-publish","format-standard","has-post-thumbnail","hentry","category-destacadas","category-gobierno"],"jetpack_publicize_connections":[],"jetpack_featured_media_url":"http:\/\/elcensornoticias.com\/wp-content\/uploads\/2023\/03\/IMG-20230314-WA0014.jpg","jetpack_likes_enabled":true,"jetpack_sharing_enabled":true,"jetpack_shortlink":"https:\/\/wp.me\/p6xy50-6to","_links":{"self":[{"href":"http:\/\/elcensornoticias.com\/index.php?rest_route=\/wp\/v2\/posts\/24886","targetHints":{"allow":["GET"]}}],"collection":[{"href":"http:\/\/elcensornoticias.com\/index.php?rest_route=\/wp\/v2\/posts"}],"about":[{"href":"http:\/\/elcensornoticias.com\/index.php?rest_route=\/wp\/v2\/types\/post"}],"author":[{"embeddable":true,"href":"http:\/\/elcensornoticias.com\/index.php?rest_route=\/wp\/v2\/users\/1"}],"replies":[{"embeddable":true,"href":"http:\/\/elcensornoticias.com\/index.php?rest_route=%2Fwp%2Fv2%2Fcomments&post=24886"}],"version-history":[{"count":1,"href":"http:\/\/elcensornoticias.com\/index.php?rest_route=\/wp\/v2\/posts\/24886\/revisions"}],"predecessor-version":[{"id":24888,"href":"http:\/\/elcensornoticias.com\/index.php?rest_route=\/wp\/v2\/posts\/24886\/revisions\/24888"}],"wp:featuredmedia":[{"embeddable":true,"href":"http:\/\/elcensornoticias.com\/index.php?rest_route=\/wp\/v2\/media\/24887"}],"wp:attachment":[{"href":"http:\/\/elcensornoticias.com\/index.php?rest_route=%2Fwp%2Fv2%2Fmedia&parent=24886"}],"wp:term":[{"taxonomy":"category","embeddable":true,"href":"http:\/\/elcensornoticias.com\/index.php?rest_route=%2Fwp%2Fv2%2Fcategories&post=24886"},{"taxonomy":"post_tag","embeddable":true,"href":"http:\/\/elcensornoticias.com\/index.php?rest_route=%2Fwp%2Fv2%2Ftags&post=24886"}],"curies":[{"name":"wp","href":"https:\/\/api.w.org\/{rel}","templated":true}]}}