{"id":24879,"date":"2023-03-14T20:45:34","date_gmt":"2023-03-14T20:45:34","guid":{"rendered":"http:\/\/elcensornoticias.com\/?p=24879"},"modified":"2023-03-14T20:45:35","modified_gmt":"2023-03-14T20:45:35","slug":"reforma-y-adicion-de-la-ley-del-centro-de-conciliacion-laboral-del-estado-de-tlaxcala","status":"publish","type":"post","link":"http:\/\/elcensornoticias.com\/?p=24879","title":{"rendered":"Reforma y adici\u00f3n de la Ley del Centro de Conciliaci\u00f3n Laboral del Estado de Tlaxcala"},"content":{"rendered":"\n<p><em>Se busca mejorar la interpretaci\u00f3n y aplicaci\u00f3n de la norma jur\u00eddica.\u00a0<\/em><\/p>\n\n\n\n<p>Durante la d\u00e9cima s\u00e9ptima sesi\u00f3n ordinaria, las y los diputados de la LXIV Legislatura del Congreso del Estado de Tlaxcala,aprobaron el Proyecto de Decreto, por el que se reforman y adicionan diversas disposiciones a la Ley del Centro de Conciliaci\u00f3n Laboral del Estado de Tlaxcala, presentado por el diputado Fabricio Mena Rodr\u00edguez, integrante del Grupo Parlamentario del Partido Revolucionario Institucional (PRI).<\/p>\n\n\n\n<p>Con el compromiso de una mejor interpretaci\u00f3n y aplicaci\u00f3n a la norma jur\u00eddica, y d\u00e1ndole seguimiento al expediente parlamentario LXIV 236\/2022 se reformar\u00e1 el art\u00edculo 6 de la Ley en cita, por lo que se incluir\u00e1n los conceptos de Audiencia Presencial, Audiencia Virtual, Conciliador, Convenido, Presidente y Secretario T\u00e9cnico, adem\u00e1s, se agregar\u00e1 la definici\u00f3n del Reglamento Interior.<\/p>\n\n\n\n<p>De la misma manera, se reformar\u00e1 la fracci\u00f3n I, XI y XV. As\u00ed como el p\u00e1rrafo primero y la fracci\u00f3n II del art\u00edculo 10; en la fracci\u00f3n XI, se agregar\u00e1 \u201ca la persona\u201dcuando se hace referencia al o la titular del Poder Ejecutivo.&nbsp;<\/p>\n\n\n\n<p>Se adicionar\u00e1, la fracci\u00f3n XV Bis al art\u00edculo 8 , en donde se establecen las atribuciones de dicho Centro, para que la ciudadan\u00eda trabajadora conozca la instituci\u00f3n a la que pueda acudir en caso de alg\u00fan conflicto laboral.&nbsp;<\/p>\n\n\n\n<p>De igual manera se adicionar\u00e1 la fracci\u00f3n XV Ter, en la que se establecen las atribuciones del Centro de Conciliaci\u00f3n, y adecuaciones de los mecanismos para llevar a cabo las audiencias virtuales, derivado de la problem\u00e1tica que se present\u00f3 a escala global de la pandemia originada por el virus SARS&#8212;COV-2 COVID-19, que cambi\u00f3 el esquema tradicional de justicia, demandando el uso de tecnolog\u00eda que permita verificar audiencias remotas para privilegiar el derecho a la salud de los ciudadanos.&nbsp;<\/p>\n\n\n\n<p>Este Decreto entrar\u00e1 en vigor el d\u00eda siguiente al de su publicaci\u00f3n en el Peri\u00f3dico Oficial del Gobierno del Estado.<\/p>\n\n\n\n<p>Con esto, las y los legisladores, reafirman su compromiso de trabajar por los intereses de la sociedad tlaxcalteca.&nbsp;<\/p>\n","protected":false},"excerpt":{"rendered":"<p>Se busca mejorar la interpretaci\u00f3n y aplicaci\u00f3n de la norma jur\u00eddica.\u00a0 Durante la d\u00e9cima s\u00e9ptima sesi\u00f3n ordinaria, las y los diputados de la LXIV Legislatura del Congreso del Estado de Tlaxcala,aprobaron el Proyecto de Decreto, por el que se reforman y adicionan diversas disposiciones a la Ley del Centro de Conciliaci\u00f3n Laboral del Estado de [&hellip;]<\/p>\n","protected":false},"author":1,"featured_media":24880,"comment_status":"open","ping_status":"open","sticky":false,"template":"","format":"standard","meta":{"advanced_seo_description":"","jetpack_seo_html_title":"","jetpack_seo_noindex":false,"footnotes":"","jetpack_publicize_message":"","jetpack_is_tweetstorm":false,"jetpack_publicize_feature_enabled":true,"jetpack_social_post_already_shared":true,"jetpack_social_options":{"image_generator_settings":{"template":"highway","enabled":false}}},"categories":[27,2],"tags":[],"class_list":["post-24879","post","type-post","status-publish","format-standard","has-post-thumbnail","hentry","category-congreso","category-destacadas"],"jetpack_publicize_connections":[],"jetpack_featured_media_url":"http:\/\/elcensornoticias.com\/wp-content\/uploads\/2023\/03\/2579a895-222e-4466-8580-d6ffb4e9423d.jpg","jetpack_likes_enabled":true,"jetpack_sharing_enabled":true,"jetpack_shortlink":"https:\/\/wp.me\/p6xy50-6th","_links":{"self":[{"href":"http:\/\/elcensornoticias.com\/index.php?rest_route=\/wp\/v2\/posts\/24879","targetHints":{"allow":["GET"]}}],"collection":[{"href":"http:\/\/elcensornoticias.com\/index.php?rest_route=\/wp\/v2\/posts"}],"about":[{"href":"http:\/\/elcensornoticias.com\/index.php?rest_route=\/wp\/v2\/types\/post"}],"author":[{"embeddable":true,"href":"http:\/\/elcensornoticias.com\/index.php?rest_route=\/wp\/v2\/users\/1"}],"replies":[{"embeddable":true,"href":"http:\/\/elcensornoticias.com\/index.php?rest_route=%2Fwp%2Fv2%2Fcomments&post=24879"}],"version-history":[{"count":1,"href":"http:\/\/elcensornoticias.com\/index.php?rest_route=\/wp\/v2\/posts\/24879\/revisions"}],"predecessor-version":[{"id":24881,"href":"http:\/\/elcensornoticias.com\/index.php?rest_route=\/wp\/v2\/posts\/24879\/revisions\/24881"}],"wp:featuredmedia":[{"embeddable":true,"href":"http:\/\/elcensornoticias.com\/index.php?rest_route=\/wp\/v2\/media\/24880"}],"wp:attachment":[{"href":"http:\/\/elcensornoticias.com\/index.php?rest_route=%2Fwp%2Fv2%2Fmedia&parent=24879"}],"wp:term":[{"taxonomy":"category","embeddable":true,"href":"http:\/\/elcensornoticias.com\/index.php?rest_route=%2Fwp%2Fv2%2Fcategories&post=24879"},{"taxonomy":"post_tag","embeddable":true,"href":"http:\/\/elcensornoticias.com\/index.php?rest_route=%2Fwp%2Fv2%2Ftags&post=24879"}],"curies":[{"name":"wp","href":"https:\/\/api.w.org\/{rel}","templated":true}]}}