{"id":22506,"date":"2023-02-02T18:22:46","date_gmt":"2023-02-02T18:22:46","guid":{"rendered":"http:\/\/elcensornoticias.com\/?p=22506"},"modified":"2023-02-02T18:22:49","modified_gmt":"2023-02-02T18:22:49","slug":"registra-sistema-estatal-dif-segunda-adopcion-del-ano-2023","status":"publish","type":"post","link":"http:\/\/elcensornoticias.com\/?p=22506","title":{"rendered":"REGISTRA SISTEMA ESTATAL DIF SEGUNDA ADOPCI\u00d3N DEL A\u00d1O 2023"},"content":{"rendered":"\n<p>Reintegra Sedif a menores en n\u00facleos familiares&nbsp;<br>Con el prop\u00f3sito de procurar y restituir el derecho de ni\u00f1as, ni\u00f1os y adolescentes a vivir en familia, el Sistema Estatal para el Desarrollo Integral de la Familia (Sedif) concret\u00f3 durante el primer mes del a\u00f1o 2023 dos procesos de adopci\u00f3n.&nbsp;<br>En d\u00edas pasados, la gobernadora Lorena Cu\u00e9llar Cisneros, junto con la presidenta honor\u00edfica del Sistema Estatal DIF, Mariana Espinosa de los Monteros Cu\u00e9llar, as\u00ed como con la titular del Sistema Nacional DIF, Nuria Fern\u00e1ndez Espresate, atestiguaron el proceso de adopci\u00f3n de un ni\u00f1o que concluy\u00f3 de manera satisfactoria.<br>El acto se llev\u00f3 a cabo en el Juzgado Tercero Familiar del Distrito Judicial de Cuauht\u00e9moc, a cargo de la jueza Leticia Caballero Mu\u00f1oz, donde adem\u00e1s estuvieron presentes la directora general del Sistema Estatal DIF, Flor L\u00f3pez Hinojosa y la titular de la Procuradur\u00eda para la Protecci\u00f3n de Ni\u00f1as, Ni\u00f1os y Adolescentes (PPNNA) del Sedif, Guadalupe Hern\u00e1ndez Montes.&nbsp;<br>El primer caso se registr\u00f3 el 27 de enero de este a\u00f1o y se trat\u00f3 de una ni\u00f1a que fue reintegrada a un n\u00facleo familiar, ambos casos exitosos son dentro de territorio estatal; actualmente la Procuradur\u00eda para la Protecci\u00f3n de Ni\u00f1as, Ni\u00f1os y Adolescentes tiene nueve expedientes activos de adopci\u00f3n que conf\u00edan se concreten en pr\u00f3ximos meses de manera satisfactoria.&nbsp;<br>Al respecto, la gobernadora de Tlaxcala celebr\u00f3 el compromiso y voluntad de las autoridades del Poder Judicial y del Sistema Estatal DIF para concretar la reintegraci\u00f3n de ni\u00f1as, ni\u00f1os y adolescentes a un entorno familiar, donde sean cuidados, protegidos y amados para garantizar su desarrollo pleno.&nbsp;<br>Tambi\u00e9n, las autoridades hicieron un llamado para que aquellas personas que est\u00e1n interesadas en adoptar se acerquen al Sistema Estatal DIF, ya sea en sus oficinas ubicadas en la calle Jos\u00e9 Mar\u00eda Morelos, n\u00famero 5, en Tlaxcala capital, al \u00e1rea de Procuradur\u00eda para la Protecci\u00f3n de Ni\u00f1as, Ni\u00f1os y Adolescentes, o bien comunicarse al n\u00famero telef\u00f3nico 2464650440, extensi\u00f3n 215.&nbsp;<br>Entre los requisitos para iniciar un proceso de adopci\u00f3n se encuentran: copia certificada del acta de nacimiento de la o las personas solicitantes de adopci\u00f3n; en caso de que las personas solicitantes de adopci\u00f3n sean c\u00f3nyuges, deber\u00e1n presentar copia certificada del acta de matrimonio; en caso de que las personas solicitantes de adopci\u00f3n tengan una relaci\u00f3n de concubinato, deber\u00e1n presentar el documento que acredite su relaci\u00f3n de pareja, el cual deber\u00e1 contar con reconocimiento legal; en caso de que las personas solicitantes de adopci\u00f3n tengan hijos o hijas de manera conjunta o separada, deber\u00e1n presentar copia certificada de las actas de nacimiento correspondientes.&nbsp;<br>Adem\u00e1s, una fotograf\u00eda a color, reciente, tama\u00f1o credencial de la o las personas solicitantes de adopci\u00f3n; ocho fotograf\u00edas tama\u00f1o postal a color, de la casa de la o las personas solicitantes de adopci\u00f3n, en las que se observe la fachada y \u00e1reas que integran el domicilio; certificado m\u00e9dico de la o las personas solicitantes de adopci\u00f3n, expedido por alguna instituci\u00f3n p\u00fablica; certificado de examen de enfermedades de transmisi\u00f3n sexual de la o las personas solicitantes de adopci\u00f3n; constancia laboral especificando puesto, antig\u00fcedad y sueldo de la o las personas solicitantes de adopci\u00f3n; carta de no antecedentes penales de la o las personas solicitantes de adopci\u00f3n, y comprobante de domicilio de la o las personas solicitantes de adopci\u00f3n.<\/p>\n","protected":false},"excerpt":{"rendered":"<p>Reintegra Sedif a menores en n\u00facleos familiares&nbsp;Con el prop\u00f3sito de procurar y restituir el derecho de ni\u00f1as, ni\u00f1os y adolescentes a vivir en familia, el Sistema Estatal para el Desarrollo Integral de la Familia (Sedif) concret\u00f3 durante el primer mes del a\u00f1o 2023 dos procesos de adopci\u00f3n.&nbsp;En d\u00edas pasados, la gobernadora Lorena Cu\u00e9llar Cisneros, junto [&hellip;]<\/p>\n","protected":false},"author":1,"featured_media":22507,"comment_status":"open","ping_status":"open","sticky":false,"template":"","format":"standard","meta":{"advanced_seo_description":"","jetpack_seo_html_title":"","jetpack_seo_noindex":false,"footnotes":"","jetpack_publicize_message":"","jetpack_is_tweetstorm":false,"jetpack_publicize_feature_enabled":true,"jetpack_social_post_already_shared":true,"jetpack_social_options":{"image_generator_settings":{"template":"highway","enabled":false}}},"categories":[2,3],"tags":[],"class_list":["post-22506","post","type-post","status-publish","format-standard","has-post-thumbnail","hentry","category-destacadas","category-gobierno"],"jetpack_publicize_connections":[],"jetpack_featured_media_url":"http:\/\/elcensornoticias.com\/wp-content\/uploads\/2023\/02\/IMG-20230202-WA0003.jpg","jetpack_likes_enabled":true,"jetpack_sharing_enabled":true,"jetpack_shortlink":"https:\/\/wp.me\/p6xy50-5R0","_links":{"self":[{"href":"http:\/\/elcensornoticias.com\/index.php?rest_route=\/wp\/v2\/posts\/22506","targetHints":{"allow":["GET"]}}],"collection":[{"href":"http:\/\/elcensornoticias.com\/index.php?rest_route=\/wp\/v2\/posts"}],"about":[{"href":"http:\/\/elcensornoticias.com\/index.php?rest_route=\/wp\/v2\/types\/post"}],"author":[{"embeddable":true,"href":"http:\/\/elcensornoticias.com\/index.php?rest_route=\/wp\/v2\/users\/1"}],"replies":[{"embeddable":true,"href":"http:\/\/elcensornoticias.com\/index.php?rest_route=%2Fwp%2Fv2%2Fcomments&post=22506"}],"version-history":[{"count":1,"href":"http:\/\/elcensornoticias.com\/index.php?rest_route=\/wp\/v2\/posts\/22506\/revisions"}],"predecessor-version":[{"id":22508,"href":"http:\/\/elcensornoticias.com\/index.php?rest_route=\/wp\/v2\/posts\/22506\/revisions\/22508"}],"wp:featuredmedia":[{"embeddable":true,"href":"http:\/\/elcensornoticias.com\/index.php?rest_route=\/wp\/v2\/media\/22507"}],"wp:attachment":[{"href":"http:\/\/elcensornoticias.com\/index.php?rest_route=%2Fwp%2Fv2%2Fmedia&parent=22506"}],"wp:term":[{"taxonomy":"category","embeddable":true,"href":"http:\/\/elcensornoticias.com\/index.php?rest_route=%2Fwp%2Fv2%2Fcategories&post=22506"},{"taxonomy":"post_tag","embeddable":true,"href":"http:\/\/elcensornoticias.com\/index.php?rest_route=%2Fwp%2Fv2%2Ftags&post=22506"}],"curies":[{"name":"wp","href":"https:\/\/api.w.org\/{rel}","templated":true}]}}