{"id":22420,"date":"2023-02-01T19:28:23","date_gmt":"2023-02-01T19:28:23","guid":{"rendered":"http:\/\/elcensornoticias.com\/?p=22420"},"modified":"2023-02-01T19:28:28","modified_gmt":"2023-02-01T19:28:28","slug":"el-21-de-febrero-entregaran-cedh-y-fundacion-presea-desiderio-hernandez-xochitiotzin","status":"publish","type":"post","link":"http:\/\/elcensornoticias.com\/?p=22420","title":{"rendered":"El 21 de febrero entregar\u00e1n CEDH y Fundaci\u00f3n \u201cPresea Desiderio Hern\u00e1ndez Xochitiotzin\u201d"},"content":{"rendered":"\n<p>La Comisi\u00f3n Estatal de Derechos Humanos (CEDH) y la Fundaci\u00f3n Desiderio Hern\u00e1ndez Xochitiotzin, dieron a conocer que el pr\u00f3ximo 21 de febrero, en el patio principal de Palacio de Gobierno, ser\u00e1 entregada la Presea del Centenario del Nacimiento de Tlacuilo-Tlamatini Desiderio Hern\u00e1ndez Xochitiotzin 2022, en el marco del 30 aniversario de ese Organismo Aut\u00f3nomo.<\/p>\n\n\n\n<p>Para esta emisi\u00f3n de la Presea fueron recibidas un total de 12 postulaciones, provenientes de organismos civiles en torno a la actividad cultural, el desarrollo social y derechos humanos; instituciones educativas oficiales y privadas; as\u00ed como organismos comunitarios, estatales, nacionales o internacionales. El jurado determinar\u00e1 a la persona que recibir\u00e1 esta Presea.<\/p>\n\n\n\n<p>Cabe recordar que la convocatoria emitida en octubre de 2022, establece que las personas candidatas a la obtenci\u00f3n de la Presea deber\u00e1n ser aquellas que con su labor y trabajo hayan creado un entorno de cultura de paz y\/o desarrollo integral en sus comunidades o territorios de los estados de Tlaxcala o Puebla, y que hayan demostrado honorabilidad, trabajo y obra por sus comunidades, valores de identidad cultural, sustentabilidad, resiliencia, recuperaci\u00f3n de cohesi\u00f3n social, respeto a la diversidad cultural y construcci\u00f3n-organizaci\u00f3n de alternativas sociales en materia de derechos humanos.<\/p>\n\n\n\n<p>Es importante destacar que el maestro Desiderio Hern\u00e1ndez Xochitiotzin fue consejero Consultivo de la Comisi\u00f3n Estatal de Derechos Humanos de Tlaxcala en 1993, cuando este organismo fue creado. El pr\u00f3ximo 11 de febrero se cumplir\u00e1 el centenario del nacimiento del artista pl\u00e1stico y \u00faltimo gran muralista de M\u00e9xico, coincidiendo con el tambi\u00e9n centenario del muralismo mexicano.<\/p>\n\n\n\n<p>En esa perspectiva, la CEDH y la Fundaci\u00f3n Desiderio Hern\u00e1ndez Xochitiotzin articularon esfuerzos, y el 3 de octubre de 2022 presentaron la convocatoria de esta Presea, cuyo objetivo es dar reconocimiento y visibilidad al desempe\u00f1o de tlaxcaltecas que han contribuido, desde distintos \u00e1mbitos, a la construcci\u00f3n de una comunidad y sociedad arm\u00f3nica, bajo los valores colectivos de identidad, cultura de paz y desarrollo sostenible.<\/p>\n","protected":false},"excerpt":{"rendered":"<p>La Comisi\u00f3n Estatal de Derechos Humanos (CEDH) y la Fundaci\u00f3n Desiderio Hern\u00e1ndez Xochitiotzin, dieron a conocer que el pr\u00f3ximo 21 de febrero, en el patio principal de Palacio de Gobierno, ser\u00e1 entregada la Presea del Centenario del Nacimiento de Tlacuilo-Tlamatini Desiderio Hern\u00e1ndez Xochitiotzin 2022, en el marco del 30 aniversario de ese Organismo Aut\u00f3nomo. Para [&hellip;]<\/p>\n","protected":false},"author":1,"featured_media":22421,"comment_status":"open","ping_status":"open","sticky":false,"template":"","format":"standard","meta":{"advanced_seo_description":"","jetpack_seo_html_title":"","jetpack_seo_noindex":false,"footnotes":"","jetpack_publicize_message":"","jetpack_is_tweetstorm":false,"jetpack_publicize_feature_enabled":true,"jetpack_social_post_already_shared":true,"jetpack_social_options":{"image_generator_settings":{"template":"highway","enabled":false}}},"categories":[2,3],"tags":[],"class_list":["post-22420","post","type-post","status-publish","format-standard","has-post-thumbnail","hentry","category-destacadas","category-gobierno"],"jetpack_publicize_connections":[],"jetpack_featured_media_url":"http:\/\/elcensornoticias.com\/wp-content\/uploads\/2023\/02\/20220805_094509-scaled.jpg","jetpack_likes_enabled":true,"jetpack_sharing_enabled":true,"jetpack_shortlink":"https:\/\/wp.me\/p6xy50-5PC","_links":{"self":[{"href":"http:\/\/elcensornoticias.com\/index.php?rest_route=\/wp\/v2\/posts\/22420","targetHints":{"allow":["GET"]}}],"collection":[{"href":"http:\/\/elcensornoticias.com\/index.php?rest_route=\/wp\/v2\/posts"}],"about":[{"href":"http:\/\/elcensornoticias.com\/index.php?rest_route=\/wp\/v2\/types\/post"}],"author":[{"embeddable":true,"href":"http:\/\/elcensornoticias.com\/index.php?rest_route=\/wp\/v2\/users\/1"}],"replies":[{"embeddable":true,"href":"http:\/\/elcensornoticias.com\/index.php?rest_route=%2Fwp%2Fv2%2Fcomments&post=22420"}],"version-history":[{"count":1,"href":"http:\/\/elcensornoticias.com\/index.php?rest_route=\/wp\/v2\/posts\/22420\/revisions"}],"predecessor-version":[{"id":22422,"href":"http:\/\/elcensornoticias.com\/index.php?rest_route=\/wp\/v2\/posts\/22420\/revisions\/22422"}],"wp:featuredmedia":[{"embeddable":true,"href":"http:\/\/elcensornoticias.com\/index.php?rest_route=\/wp\/v2\/media\/22421"}],"wp:attachment":[{"href":"http:\/\/elcensornoticias.com\/index.php?rest_route=%2Fwp%2Fv2%2Fmedia&parent=22420"}],"wp:term":[{"taxonomy":"category","embeddable":true,"href":"http:\/\/elcensornoticias.com\/index.php?rest_route=%2Fwp%2Fv2%2Fcategories&post=22420"},{"taxonomy":"post_tag","embeddable":true,"href":"http:\/\/elcensornoticias.com\/index.php?rest_route=%2Fwp%2Fv2%2Ftags&post=22420"}],"curies":[{"name":"wp","href":"https:\/\/api.w.org\/{rel}","templated":true}]}}