{"id":22417,"date":"2023-02-01T19:18:05","date_gmt":"2023-02-01T19:18:05","guid":{"rendered":"http:\/\/elcensornoticias.com\/?p=22417"},"modified":"2023-02-01T19:18:10","modified_gmt":"2023-02-01T19:18:10","slug":"alas-y-raices-anuncia-la-cuarta-edicion-de-la-convocatoria-editorial-las-otras-tintas","status":"publish","type":"post","link":"http:\/\/elcensornoticias.com\/?p=22417","title":{"rendered":"Alas y Ra\u00edces anuncia la cuarta edici\u00f3n de la convocatoria editorial \u201cLas otras tintas\u201d"},"content":{"rendered":"\n<ul class=\"wp-block-list\"><li><strong>La iniciativa busca la participaci\u00f3n de autoras y autores de todo el pa\u00eds con obras gr\u00e1ficas y literarias dirigidas al p\u00fablico infantil y juvenil<\/strong><\/li><li><strong>Las bases de participaci\u00f3n completas se pueden consultar en&nbsp;<\/strong><a href=\"http:\/\/www.alasyraices.gob.mx\/\" target=\"_blank\" rel=\"noreferrer noopener\"><strong>alasyraices.gob.mx<\/strong><\/a><strong>&nbsp;y la<\/strong><strong>&nbsp;recepci\u00f3n de propuestas concluye el 1 de marzo de 2023<\/strong><\/li><\/ul>\n\n\n\n<p>La Secretar\u00eda de Cultura del Gobierno de M\u00e9xico, a trav\u00e9s del programa nacional Alas y Ra\u00edces, en el marco de la Estrategia Nacional de Lectura, publica la cuarta edici\u00f3n de la convocatoria \u201cLas otras tintas\u201d.<\/p>\n\n\n\n<p>Su objetivo es enriquecer el \u00e1mbito de la literatura dirigida a ni\u00f1as, ni\u00f1os, adolescentes y j\u00f3venes, a trav\u00e9s de la publicaci\u00f3n de propuestas in\u00e9ditas con tem\u00e1ticas cercanas y actuales que les brinden diversas posibilidades lectoras.<\/p>\n\n\n\n<p>&nbsp;&nbsp;&nbsp;&nbsp;&nbsp;&nbsp;&nbsp;&nbsp;&nbsp;&nbsp;&nbsp; En \u201cLas otras tintas\u201d podr\u00e1n participar personas autoras e ilustradoras con obras de su autor\u00eda, in\u00e9ditas y con tem\u00e1tica libre en los formatos de novela gr\u00e1fica, c\u00f3mic, historieta o \u00e1lbum ilustrado, dirigidas a ni\u00f1as, ni\u00f1os y j\u00f3venes lectores, de 6 a 25 a\u00f1os de edad, escritas en espa\u00f1ol y en cualquier lengua incluida en el Cat\u00e1logo de Lenguas Ind\u00edgenas Nacionales (<a href=\"http:\/\/www.inali.gob.mx\/clin-inali\/\" target=\"_blank\" rel=\"noreferrer noopener\">www.inali.gob.mx\/clin-inali\/<\/a>).<\/p>\n\n\n\n<p>Las postulaciones podr\u00e1n ser enviadas al correo electr\u00f3nico&nbsp;<a href=\"mailto:lasotrastintas@cultura.gob.mx\" target=\"_blank\" rel=\"noreferrer noopener\">lasotrastintas@cultura.gob.mx<\/a>&nbsp;El env\u00edo f\u00edsico v\u00eda correo postal deber\u00e1 dirigirse a Alas y Ra\u00edces-editorial, a la direcci\u00f3n: Av. Paseo de la Reforma 175, piso 5, Col. Cuauht\u00e9moc, Alcald\u00eda Cuauht\u00e9moc, C. P. 06500, Ciudad de M\u00e9xico.<\/p>\n\n\n\n<p>&nbsp;&nbsp;&nbsp;&nbsp;&nbsp;&nbsp;&nbsp;&nbsp;&nbsp;&nbsp;&nbsp; El cierre de la convocatoria ser\u00e1 a las 20:00 horas (tiempo del centro de M\u00e9xico) del 1 de marzo de 2023.<\/p>\n\n\n\n<p>Las obras recibidas ser\u00e1n evaluadas por un Comit\u00e9 Editorial conformado por especialistas, personas que ser\u00e1n convocadas por la Coordinaci\u00f3n Nacional de Desarrollo Cultural Infantil. El Comit\u00e9 seleccionar\u00e1 tres obras y el fallo se dar\u00e1 a conocer el 17 de abril de 2023 a trav\u00e9s del sitio&nbsp;<em>web<\/em>&nbsp;oficial y las redes sociales de Alas y Ra\u00edces.&nbsp;&nbsp;&nbsp;&nbsp;&nbsp;&nbsp;&nbsp;&nbsp;&nbsp;<\/p>\n\n\n\n<p>Las autoras, autores y\/o colectivos de las obras seleccionadas recibir\u00e1n como est\u00edmulo la cantidad de $50,000.00 (cincuenta mil pesos 00\/100 M.N.) por obra, se publicar\u00e1n en formato digital y\/o impreso, y formar\u00e1n&nbsp;&nbsp; parte&nbsp;&nbsp; del&nbsp;&nbsp; cat\u00e1logo&nbsp;&nbsp; editorial de Alas y Ra\u00edces para su distribuci\u00f3n gratuita.<\/p>\n\n\n\n<p>Las bases de participaci\u00f3n completas se encuentran disponibles en&nbsp;<a href=\"https:\/\/alasyraices.gob.mx\/otras-tintas-2023.pdf\" target=\"_blank\" rel=\"noreferrer noopener\">https:\/\/alasyraices.gob.mx\/otras-tintas-2023.pdf<\/a>, as\u00ed como en los sitios&nbsp;<a href=\"http:\/\/www.mexicoescultura.com\/\" target=\"_blank\" rel=\"noreferrer noopener\">www.mexicoescultura.com<\/a>&nbsp;y&nbsp;<a href=\"http:\/\/www.cultura.gob.mx\/\" target=\"_blank\" rel=\"noreferrer noopener\">cultura.gob.mx<\/a>&nbsp; en&nbsp; la&nbsp; secci\u00f3n Convocatorias.<\/p>\n\n\n\n<p>A trav\u00e9s de esta convocatoria nacional, la Secretar\u00eda de Cultura federal contin\u00faa trabajando bajo el principio de diversificaci\u00f3n de los canales de exhibici\u00f3n y distribuci\u00f3n de las obras de autoras y autores mexicanos de todo el pa\u00eds, cuyas creaciones contribuyan al acceso y fomento de la lectura en ni\u00f1as, ni\u00f1os y adolescentes desde los primeros a\u00f1os, para no dejar a nadie atr\u00e1s y no dejar a nadie fuera.<\/p>\n\n\n\n<p>Sigue&nbsp;&nbsp;&nbsp; las&nbsp;&nbsp;&nbsp; redes&nbsp;&nbsp;&nbsp; sociales de&nbsp;&nbsp;&nbsp; Alas&nbsp;&nbsp;&nbsp; y&nbsp;&nbsp;&nbsp; Ra\u00edces&nbsp;&nbsp;&nbsp; en&nbsp;&nbsp;&nbsp; Facebook: @lasyraicescultura, Twitter: @AlasyRaices, Instagram: @alasyraicescultura y YouTube: @alasyraicescultura. Sigue las redes sociales de la Secretar\u00eda de Cultura en Twitter (@cultura_mx), Facebook (\/SecretariaCulturaMX) e Instagram (@culturamx).<\/p>\n","protected":false},"excerpt":{"rendered":"<p>La iniciativa busca la participaci\u00f3n de autoras y autores de todo el pa\u00eds con obras gr\u00e1ficas y literarias dirigidas al p\u00fablico infantil y juvenil Las bases de participaci\u00f3n completas se pueden consultar en&nbsp;alasyraices.gob.mx&nbsp;y la&nbsp;recepci\u00f3n de propuestas concluye el 1 de marzo de 2023 La Secretar\u00eda de Cultura del Gobierno de M\u00e9xico, a trav\u00e9s del programa [&hellip;]<\/p>\n","protected":false},"author":1,"featured_media":22418,"comment_status":"open","ping_status":"open","sticky":false,"template":"","format":"standard","meta":{"advanced_seo_description":"","jetpack_seo_html_title":"","jetpack_seo_noindex":false,"footnotes":"","jetpack_publicize_message":"","jetpack_is_tweetstorm":false,"jetpack_publicize_feature_enabled":true,"jetpack_social_post_already_shared":true,"jetpack_social_options":{"image_generator_settings":{"template":"highway","enabled":false}}},"categories":[26,4],"tags":[],"class_list":["post-22417","post","type-post","status-publish","format-standard","has-post-thumbnail","hentry","category-cultura","category-noticias"],"jetpack_publicize_connections":[],"jetpack_featured_media_url":"http:\/\/elcensornoticias.com\/wp-content\/uploads\/2023\/02\/4Lot_FB-1.png","jetpack_likes_enabled":true,"jetpack_sharing_enabled":true,"jetpack_shortlink":"https:\/\/wp.me\/p6xy50-5Pz","_links":{"self":[{"href":"http:\/\/elcensornoticias.com\/index.php?rest_route=\/wp\/v2\/posts\/22417","targetHints":{"allow":["GET"]}}],"collection":[{"href":"http:\/\/elcensornoticias.com\/index.php?rest_route=\/wp\/v2\/posts"}],"about":[{"href":"http:\/\/elcensornoticias.com\/index.php?rest_route=\/wp\/v2\/types\/post"}],"author":[{"embeddable":true,"href":"http:\/\/elcensornoticias.com\/index.php?rest_route=\/wp\/v2\/users\/1"}],"replies":[{"embeddable":true,"href":"http:\/\/elcensornoticias.com\/index.php?rest_route=%2Fwp%2Fv2%2Fcomments&post=22417"}],"version-history":[{"count":1,"href":"http:\/\/elcensornoticias.com\/index.php?rest_route=\/wp\/v2\/posts\/22417\/revisions"}],"predecessor-version":[{"id":22419,"href":"http:\/\/elcensornoticias.com\/index.php?rest_route=\/wp\/v2\/posts\/22417\/revisions\/22419"}],"wp:featuredmedia":[{"embeddable":true,"href":"http:\/\/elcensornoticias.com\/index.php?rest_route=\/wp\/v2\/media\/22418"}],"wp:attachment":[{"href":"http:\/\/elcensornoticias.com\/index.php?rest_route=%2Fwp%2Fv2%2Fmedia&parent=22417"}],"wp:term":[{"taxonomy":"category","embeddable":true,"href":"http:\/\/elcensornoticias.com\/index.php?rest_route=%2Fwp%2Fv2%2Fcategories&post=22417"},{"taxonomy":"post_tag","embeddable":true,"href":"http:\/\/elcensornoticias.com\/index.php?rest_route=%2Fwp%2Fv2%2Ftags&post=22417"}],"curies":[{"name":"wp","href":"https:\/\/api.w.org\/{rel}","templated":true}]}}