{"id":22390,"date":"2023-02-01T01:33:52","date_gmt":"2023-02-01T01:33:52","guid":{"rendered":"http:\/\/elcensornoticias.com\/?p=22390"},"modified":"2023-02-01T01:33:52","modified_gmt":"2023-02-01T01:33:52","slug":"firman-dam-y-cedh-convenio-para-salvaguardar-los-derechos-de-los-migrantes-tlaxcaltecas","status":"publish","type":"post","link":"http:\/\/elcensornoticias.com\/?p=22390","title":{"rendered":"FIRMAN DAM Y CEDH CONVENIO PARA SALVAGUARDAR LOS DERECHOS DE LOS MIGRANTES TLAXCALTECAS"},"content":{"rendered":"\n<p>Buscan generar mejores condiciones de vida y desarrollo<br>El gobierno del estado, a trav\u00e9s de la Direcci\u00f3n de Atenci\u00f3n a Migrantes (DAM), firm\u00f3 un convenio de colaboraci\u00f3n con la Comisi\u00f3n Estatal de Derechos Humanos (CEDH), con el objetivo de difundir y promover el cumplimiento y respeto a los Derechos Humanos, as\u00ed como la perspectiva de g\u00e9nero de los migrantes tlaxcaltecas y sus familias que viven en el extranjero.<br>Durante su intervenci\u00f3n, la directora de la DAM, Paula Beatriz Zabalza resalt\u00f3 la importancia de establecer este tipo acuerdos para que, a trav\u00e9s de los municipios y Casa Tlaxcala Nueva York, los migrantes conozcan sus derechos y crear una cultura de prevenci\u00f3n.<br>Beatriz Zabalza coment\u00f3 que la direcci\u00f3n a su cargo se encuentra en un proceso de establecer acuerdos con todas las dependencias involucradas para unir esfuerzos y generar mejores condiciones de vida y de desarrollo para los migrantes tlaxcaltecas y sus familias.<br>En tanto, la presidenta de la CEDH, Jakqueline Ordo\u00f1ez Brasdefer mencion\u00f3 que la Comisi\u00f3n tiene un v\u00ednculo directo para restablecer los derechos o prevenir violaci\u00f3n de los mismos a los tlaxcaltecas que migran a otro estado o a las personas de otros pa\u00edses que se encuentran en tr\u00e1nsito, de ah\u00ed la importancia de salvaguardar este derecho.<br>Con la firma del convenio de colaboraci\u00f3n se buscan detectar posibles actos de violaci\u00f3n a Derechos Humanos de los migrantes y sus familias en el extranjero, a fin de dar seguimiento y resoluci\u00f3n.&nbsp;<br>Al t\u00e9rmino del acto protocolario, se present\u00f3 una conferencia sobre \u201cDerechos Humanos de Personas en Movilidad\u201d por Leopoldo Z\u00e1rate Garc\u00eda.<br>De igual forma, se realiz\u00f3 una capacitaci\u00f3n a 35 enlaces municipales de atenci\u00f3n a migrantes, para actualizaci\u00f3n de servicios de la DAM y priorizaci\u00f3n de metas 2023, donde se integra por primera vez un programa en escuelas secundarias denominado \u201cPrevenci\u00f3n del Sue\u00f1o Americano\u201d.<\/p>\n","protected":false},"excerpt":{"rendered":"<p>Buscan generar mejores condiciones de vida y desarrolloEl gobierno del estado, a trav\u00e9s de la Direcci\u00f3n de Atenci\u00f3n a Migrantes (DAM), firm\u00f3 un convenio de colaboraci\u00f3n con la Comisi\u00f3n Estatal de Derechos Humanos (CEDH), con el objetivo de difundir y promover el cumplimiento y respeto a los Derechos Humanos, as\u00ed como la perspectiva de g\u00e9nero [&hellip;]<\/p>\n","protected":false},"author":1,"featured_media":22391,"comment_status":"open","ping_status":"open","sticky":false,"template":"","format":"standard","meta":{"advanced_seo_description":"","jetpack_seo_html_title":"","jetpack_seo_noindex":false,"footnotes":"","jetpack_publicize_message":"","jetpack_is_tweetstorm":false,"jetpack_publicize_feature_enabled":true,"jetpack_social_post_already_shared":true,"jetpack_social_options":{"image_generator_settings":{"template":"highway","enabled":false}}},"categories":[2,3],"tags":[],"class_list":["post-22390","post","type-post","status-publish","format-standard","has-post-thumbnail","hentry","category-destacadas","category-gobierno"],"jetpack_publicize_connections":[],"jetpack_featured_media_url":"http:\/\/elcensornoticias.com\/wp-content\/uploads\/2023\/02\/IMG-20230131-WA0067.jpg","jetpack_likes_enabled":true,"jetpack_sharing_enabled":true,"jetpack_shortlink":"https:\/\/wp.me\/p6xy50-5P8","_links":{"self":[{"href":"http:\/\/elcensornoticias.com\/index.php?rest_route=\/wp\/v2\/posts\/22390","targetHints":{"allow":["GET"]}}],"collection":[{"href":"http:\/\/elcensornoticias.com\/index.php?rest_route=\/wp\/v2\/posts"}],"about":[{"href":"http:\/\/elcensornoticias.com\/index.php?rest_route=\/wp\/v2\/types\/post"}],"author":[{"embeddable":true,"href":"http:\/\/elcensornoticias.com\/index.php?rest_route=\/wp\/v2\/users\/1"}],"replies":[{"embeddable":true,"href":"http:\/\/elcensornoticias.com\/index.php?rest_route=%2Fwp%2Fv2%2Fcomments&post=22390"}],"version-history":[{"count":1,"href":"http:\/\/elcensornoticias.com\/index.php?rest_route=\/wp\/v2\/posts\/22390\/revisions"}],"predecessor-version":[{"id":22392,"href":"http:\/\/elcensornoticias.com\/index.php?rest_route=\/wp\/v2\/posts\/22390\/revisions\/22392"}],"wp:featuredmedia":[{"embeddable":true,"href":"http:\/\/elcensornoticias.com\/index.php?rest_route=\/wp\/v2\/media\/22391"}],"wp:attachment":[{"href":"http:\/\/elcensornoticias.com\/index.php?rest_route=%2Fwp%2Fv2%2Fmedia&parent=22390"}],"wp:term":[{"taxonomy":"category","embeddable":true,"href":"http:\/\/elcensornoticias.com\/index.php?rest_route=%2Fwp%2Fv2%2Fcategories&post=22390"},{"taxonomy":"post_tag","embeddable":true,"href":"http:\/\/elcensornoticias.com\/index.php?rest_route=%2Fwp%2Fv2%2Ftags&post=22390"}],"curies":[{"name":"wp","href":"https:\/\/api.w.org\/{rel}","templated":true}]}}