{"id":22387,"date":"2023-02-01T01:32:29","date_gmt":"2023-02-01T01:32:29","guid":{"rendered":"http:\/\/elcensornoticias.com\/?p=22387"},"modified":"2023-02-01T01:32:34","modified_gmt":"2023-02-01T01:32:34","slug":"presentan-sedif-y-sndif-los-resultados-de-la-consulta-me-escuchas-2022","status":"publish","type":"post","link":"http:\/\/elcensornoticias.com\/?p=22387","title":{"rendered":"PRESENTAN SEDIF Y SNDIF LOS RESULTADOS DE LA CONSULTA \u00bfME ESCUCHAS? 2022"},"content":{"rendered":"\n<p>Participaron 5 mil 957 ni\u00f1as, ni\u00f1os y adolescentes tlaxcaltecas en este ejercicio de libertad de expresi\u00f3n<br>Los Sistemas Nacional y Estatal para el Desarrollo Integral de la Familia presentaron en Tlaxcala los resultados de la Consulta Infantil \u201c\u00bfMe escuchas? 2022\u201d, para la generaci\u00f3n de pol\u00edticas p\u00fablicas que garanticen el respeto a los derechos de ni\u00f1as, ni\u00f1os y adolescentes, as\u00ed como en la elaboraci\u00f3n de una agenda sobre las infancias.<br>El evento se llev\u00f3 a cabo en el patio vitral del Congreso del estado, en el que participaron las ni\u00f1as y ni\u00f1os Impulsores de la transformaci\u00f3n de Tlaxcala, Samanta y Axel Portillo, Joshua Pescador, Adriana Zacapa, Amelie Cort\u00e9s y M\u00f3nica Mara\u00f1\u00f3n, quienes expresaron sus inquietudes respecto a diferentes temas como el cuidado del medioambiente, la seguridad, el trato igualitario a personas con discapacidad y las condiciones de las escuelas, entre otros temas.<br>La gobernadora Lorena Cu\u00e9llar Cisneros celebr\u00f3 la realizaci\u00f3n de la encuesta nacional, ya que promueve la voz de las ni\u00f1as, ni\u00f1os y adolescentes para conocer sus deseos, necesidades y forma de pensar sobre su pa\u00eds y su estado.<br>Al respecto, la mandataria subray\u00f3 que \u201ctodas las autoridades debemos escuchar a los ni\u00f1os para lograr su bienestar, hoy los que estamos al frente de los diferentes poderes, sabemos que las ni\u00f1as, ni\u00f1os y adolescentes son nuestros mejores asesores, porque son los que nos dicen qu\u00e9 debemos hacer los adultos, para mi gobierno es necesario escuchar sus necesidades y demandas\u201d.<br>En tanto, la presidenta honor\u00edfica del Sistema Estatal DIF, Mariana Espinosa de los Monteros Cu\u00e9llar destac\u00f3 la presencia de las y los titulares de los poderes Ejecutivo, Legislativo y Judicial, para atender el prop\u00f3sito de impulsar pol\u00edticas p\u00fablicas y garantizar el respeto a los derechos de las ni\u00f1as, ni\u00f1os y adolescentes.<br>En este sentido, refiri\u00f3 que este ejercicio de opini\u00f3n estableci\u00f3 un mecanismo sin precedente para que las voces de las y los ni\u00f1os sean tomadas en cuenta en las formas de gobernar y legislar con acciones cada vez m\u00e1s cercanas a este sector poblacional.&nbsp;<br>\u201cAbramos nuestras mentes y corazones para escuchar y atender las necesidades e inquietudes que expresan nuestras ni\u00f1as, ni\u00f1os y adolescentes, para as\u00ed regresar a nuestras labores con ideas nuevas y frescas para legislar, para impartir justicia y gobernar con la pureza y nobleza de un ni\u00f1o\u201d, agreg\u00f3.<br>La titular de la Comisi\u00f3n de Derechos Humanos de la Ciudad de M\u00e9xico (Cdhcdmx), Nashieli Ram\u00edrez Hern\u00e1ndez present\u00f3 algunos de los resultados de la consulta \u00bfMe escuchas? 2022, que corresponden a Tlaxcala, entre los que destac\u00f3 que la entidad se ubic\u00f3 en el lugar 16 de participaci\u00f3n a nivel nacional con un total de 5 mil 957 ni\u00f1as, ni\u00f1os y adolescentes, de los cuales el grupo de 12 a 14 a\u00f1os fue el que registr\u00f3 una mayor colaboraci\u00f3n con el 47.44 por ciento, mientras que los de 6 a 11 a\u00f1os fueron el 31.51 por ciento; ellas y ellos dijeron que lo que les hace m\u00e1s felices es convivir con sus familias (44.52 por ciento), seguido de jugar (38.3 por ciento) y hacer actividades recreativas o deportivas (20.47 por ciento).<br>Posteriormente, la titular del Sistema Nacional DIF, Nuria Fern\u00e1ndez Espresate anunci\u00f3 que, adem\u00e1s de generar pol\u00edticas p\u00fablicas con los resultados de la consulta nacional, tambi\u00e9n se construir\u00e1 una agenda sobre las infancias y sus derechos para que en el mes de abril sea presentada ante la Organizaci\u00f3n de las Naciones Unidas (ONU).<\/p>\n","protected":false},"excerpt":{"rendered":"<p>Participaron 5 mil 957 ni\u00f1as, ni\u00f1os y adolescentes tlaxcaltecas en este ejercicio de libertad de expresi\u00f3nLos Sistemas Nacional y Estatal para el Desarrollo Integral de la Familia presentaron en Tlaxcala los resultados de la Consulta Infantil \u201c\u00bfMe escuchas? 2022\u201d, para la generaci\u00f3n de pol\u00edticas p\u00fablicas que garanticen el respeto a los derechos de ni\u00f1as, ni\u00f1os [&hellip;]<\/p>\n","protected":false},"author":1,"featured_media":22388,"comment_status":"open","ping_status":"open","sticky":false,"template":"","format":"standard","meta":{"advanced_seo_description":"","jetpack_seo_html_title":"","jetpack_seo_noindex":false,"footnotes":"","jetpack_publicize_message":"","jetpack_is_tweetstorm":false,"jetpack_publicize_feature_enabled":true,"jetpack_social_post_already_shared":true,"jetpack_social_options":{"image_generator_settings":{"template":"highway","enabled":false}}},"categories":[5,3],"tags":[],"class_list":["post-22387","post","type-post","status-publish","format-standard","has-post-thumbnail","hentry","category-carrucel","category-gobierno"],"jetpack_publicize_connections":[],"jetpack_featured_media_url":"http:\/\/elcensornoticias.com\/wp-content\/uploads\/2023\/02\/IMG-20230131-WA0062.jpg","jetpack_likes_enabled":true,"jetpack_sharing_enabled":true,"jetpack_shortlink":"https:\/\/wp.me\/p6xy50-5P5","_links":{"self":[{"href":"http:\/\/elcensornoticias.com\/index.php?rest_route=\/wp\/v2\/posts\/22387","targetHints":{"allow":["GET"]}}],"collection":[{"href":"http:\/\/elcensornoticias.com\/index.php?rest_route=\/wp\/v2\/posts"}],"about":[{"href":"http:\/\/elcensornoticias.com\/index.php?rest_route=\/wp\/v2\/types\/post"}],"author":[{"embeddable":true,"href":"http:\/\/elcensornoticias.com\/index.php?rest_route=\/wp\/v2\/users\/1"}],"replies":[{"embeddable":true,"href":"http:\/\/elcensornoticias.com\/index.php?rest_route=%2Fwp%2Fv2%2Fcomments&post=22387"}],"version-history":[{"count":1,"href":"http:\/\/elcensornoticias.com\/index.php?rest_route=\/wp\/v2\/posts\/22387\/revisions"}],"predecessor-version":[{"id":22389,"href":"http:\/\/elcensornoticias.com\/index.php?rest_route=\/wp\/v2\/posts\/22387\/revisions\/22389"}],"wp:featuredmedia":[{"embeddable":true,"href":"http:\/\/elcensornoticias.com\/index.php?rest_route=\/wp\/v2\/media\/22388"}],"wp:attachment":[{"href":"http:\/\/elcensornoticias.com\/index.php?rest_route=%2Fwp%2Fv2%2Fmedia&parent=22387"}],"wp:term":[{"taxonomy":"category","embeddable":true,"href":"http:\/\/elcensornoticias.com\/index.php?rest_route=%2Fwp%2Fv2%2Fcategories&post=22387"},{"taxonomy":"post_tag","embeddable":true,"href":"http:\/\/elcensornoticias.com\/index.php?rest_route=%2Fwp%2Fv2%2Ftags&post=22387"}],"curies":[{"name":"wp","href":"https:\/\/api.w.org\/{rel}","templated":true}]}}