{"id":22350,"date":"2023-02-01T01:03:45","date_gmt":"2023-02-01T01:03:45","guid":{"rendered":"http:\/\/elcensornoticias.com\/?p=22350"},"modified":"2023-02-01T01:03:48","modified_gmt":"2023-02-01T01:03:48","slug":"radio-educacion-transmitira-el-9-foro-especial-de-son-jarocho","status":"publish","type":"post","link":"http:\/\/elcensornoticias.com\/?p=22350","title":{"rendered":"Radio Educaci\u00f3n transmitir\u00e1 el 9\u00b0 Foro Especial de Son Jarocho"},"content":{"rendered":"\n<ul class=\"wp-block-list\"><li><strong>Como cada a\u00f1o acercar\u00e1 a sus audiencias a la riqueza cultural de Tlacotalpan, Veracruz<\/strong><\/li><\/ul>\n\n\n\n<p>Radio Educaci\u00f3n, instituci\u00f3n de la Secretar\u00eda de Cultura del Gobierno de M\u00e9xico, transmitir\u00e1, del 31 de enero al 2 de febrero de 2023, el \u201c9\u00b0 Foro de Son Jarocho\u201d, desde el Auditorio exterior de la Casa de la Cultura&nbsp;<em>Agust\u00edn Lara<\/em>, de Tlacotalpan, Veracruz.<\/p>\n\n\n\n<p>En el marco de las festividades por el d\u00eda de La Candelaria y en uno de los eventos que ya forman parte de la tradici\u00f3n de la radio cultural de M\u00e9xico,sus audiencias podr\u00e1n disfrutar de m\u00fasica aut\u00e9ntica de la regi\u00f3n interpretada en directo por solistas y agrupaciones.<\/p>\n\n\n\n<p>La transmisi\u00f3n inicia hoy, martes 31 de enero, de las 20:30 a las 22:30 horas, con Los arrolladores del son, de Isla; Colibr\u00ed SD, de Tlacotalpan, y Tatzotzona, de Pajapan.<\/p>\n\n\n\n<p>El mi\u00e9rcoles 1 de febrero, de las 20:30 a las 22:30 horas, se escuchar\u00e1 la m\u00fasica de Colectivo Altepee, de Acayucan; Jos\u00e9 Mariano Corro Rodr\u00edguez y Julio C\u00e9sar Corro Lara, de Tlacotalpan; La Surada, de Xalapa, Santiago Tuxtla, Lerdo de Tejada y Veracruz; y Mono Blanco, de Veracruz.<\/p>\n\n\n\n<p>Para concluir, el jueves 2 de febrero de las 20:30 a las 22:30 horas, se transmitir\u00e1 la participaci\u00f3n de Son Temoyo, de Acayucan; Los Cultivadores del son, de San Andr\u00e9s Tuxtla; Stephanie Delgado, de la Ciudad de M\u00e9xico; y Son de madera, de Xalapa.<\/p>\n\n\n\n<p>De esta manera, Radio Educaci\u00f3n lleva la cultura a sus audiencias, adem\u00e1s de impulsar la vinculaci\u00f3n comunitaria dando difusi\u00f3n a la comunidad art\u00edstica de diferentes regiones, en l\u00ednea con los ejes de trabajo de la Secretar\u00eda de Cultura del Gobierno de M\u00e9xico.<\/p>\n\n\n\n<p>La cobertura de este foro podr\u00e1 escucharse, en la Ciudad de M\u00e9xico a trav\u00e9s del 1060 AM y 96.5 FM; Se\u00f1al Cultura Sonora en el 104.3 FM, en Hermosillo (1 hora menos); en M\u00e9rida, Yucat\u00e1n, en la Se\u00f1al Kukulk\u00e1n en el 107.9 FM; en Cultura M\u00e9xico Se\u00f1al Internacional (6185 de Onda Corta por la banda Internacional de los 49 metros); para todo el mundo a trav\u00e9s de redes sociales; en la aplicaci\u00f3n para smartphones, disponible para iOS y Android; y en&nbsp;<a href=\"http:\/\/www.radioeducacion.edu.mx\/\" target=\"_blank\" rel=\"noreferrer noopener\">www.radioeducacion.edu.mx<\/a><\/p>\n","protected":false},"excerpt":{"rendered":"<p>Como cada a\u00f1o acercar\u00e1 a sus audiencias a la riqueza cultural de Tlacotalpan, Veracruz Radio Educaci\u00f3n, instituci\u00f3n de la Secretar\u00eda de Cultura del Gobierno de M\u00e9xico, transmitir\u00e1, del 31 de enero al 2 de febrero de 2023, el \u201c9\u00b0 Foro de Son Jarocho\u201d, desde el Auditorio exterior de la Casa de la Cultura&nbsp;Agust\u00edn Lara, de [&hellip;]<\/p>\n","protected":false},"author":1,"featured_media":22351,"comment_status":"open","ping_status":"open","sticky":false,"template":"","format":"standard","meta":{"advanced_seo_description":"","jetpack_seo_html_title":"","jetpack_seo_noindex":false,"footnotes":"","jetpack_publicize_message":"","jetpack_is_tweetstorm":false,"jetpack_publicize_feature_enabled":true,"jetpack_social_post_already_shared":true,"jetpack_social_options":{"image_generator_settings":{"template":"highway","enabled":false}}},"categories":[26,4],"tags":[],"class_list":["post-22350","post","type-post","status-publish","format-standard","has-post-thumbnail","hentry","category-cultura","category-noticias"],"jetpack_publicize_connections":[],"jetpack_featured_media_url":"http:\/\/elcensornoticias.com\/wp-content\/uploads\/2023\/02\/Image.jpeg","jetpack_likes_enabled":true,"jetpack_sharing_enabled":true,"jetpack_shortlink":"https:\/\/wp.me\/p6xy50-5Ou","_links":{"self":[{"href":"http:\/\/elcensornoticias.com\/index.php?rest_route=\/wp\/v2\/posts\/22350","targetHints":{"allow":["GET"]}}],"collection":[{"href":"http:\/\/elcensornoticias.com\/index.php?rest_route=\/wp\/v2\/posts"}],"about":[{"href":"http:\/\/elcensornoticias.com\/index.php?rest_route=\/wp\/v2\/types\/post"}],"author":[{"embeddable":true,"href":"http:\/\/elcensornoticias.com\/index.php?rest_route=\/wp\/v2\/users\/1"}],"replies":[{"embeddable":true,"href":"http:\/\/elcensornoticias.com\/index.php?rest_route=%2Fwp%2Fv2%2Fcomments&post=22350"}],"version-history":[{"count":1,"href":"http:\/\/elcensornoticias.com\/index.php?rest_route=\/wp\/v2\/posts\/22350\/revisions"}],"predecessor-version":[{"id":22352,"href":"http:\/\/elcensornoticias.com\/index.php?rest_route=\/wp\/v2\/posts\/22350\/revisions\/22352"}],"wp:featuredmedia":[{"embeddable":true,"href":"http:\/\/elcensornoticias.com\/index.php?rest_route=\/wp\/v2\/media\/22351"}],"wp:attachment":[{"href":"http:\/\/elcensornoticias.com\/index.php?rest_route=%2Fwp%2Fv2%2Fmedia&parent=22350"}],"wp:term":[{"taxonomy":"category","embeddable":true,"href":"http:\/\/elcensornoticias.com\/index.php?rest_route=%2Fwp%2Fv2%2Fcategories&post=22350"},{"taxonomy":"post_tag","embeddable":true,"href":"http:\/\/elcensornoticias.com\/index.php?rest_route=%2Fwp%2Fv2%2Ftags&post=22350"}],"curies":[{"name":"wp","href":"https:\/\/api.w.org\/{rel}","templated":true}]}}