{"id":22329,"date":"2023-01-31T19:17:33","date_gmt":"2023-01-31T19:17:33","guid":{"rendered":"http:\/\/elcensornoticias.com\/?p=22329"},"modified":"2023-02-01T18:45:10","modified_gmt":"2023-02-01T18:45:10","slug":"la-secretaria-de-cultura-del-gobierno-de-mexico-celebrara-el-150-aniversario-del-ferrocarril-mexicano","status":"publish","type":"post","link":"http:\/\/elcensornoticias.com\/?p=22329","title":{"rendered":"La Secretar\u00eda de Cultura del Gobierno de M\u00e9xico celebrar\u00e1 el 150 aniversario del Ferrocarril Mexicano"},"content":{"rendered":"\n<ul class=\"wp-block-list\"><li><strong>El Centro Nacional para la Preservaci\u00f3n del Patrimonio Cultural Ferrocarrilero tendr\u00e1 durante el a\u00f1o actividades acad\u00e9micas y culturales que involucrar\u00e1n a las seis entidades por donde cruz\u00f3 la primera l\u00ednea ferroviaria del pa\u00eds<\/strong><\/li><\/ul>\n\n\n\n<p>La Secretar\u00eda de Cultura del Gobierno de M\u00e9xico, a trav\u00e9s del Centro Nacional para la Preservaci\u00f3n del Patrimonio Cultural Ferrocarrilero (CNPPCF), el Centro de Documentaci\u00f3n e Investigaci\u00f3n Ferroviarias (CEDIF) y el Museo Nacional de los Ferrocarriles Mexicanos (MNFM), convoca a reflexionar sobre la importancia y el valor del Ferrocarril Mexicano, inaugurado en enero de 1873 por el entonces presidente Sebasti\u00e1n Lerdo de Tejada.<\/p>\n\n\n\n<p>&nbsp;&nbsp;&nbsp;&nbsp;&nbsp;&nbsp;&nbsp;&nbsp; El Ferrocarril Mexicano fue la primera l\u00ednea f\u00e9rrea completa que se construy\u00f3 en el pa\u00eds durante un largo periodo que abarc\u00f3 36 a\u00f1os, logrando unir la capital del pa\u00eds con el Puerto de Veracruz. La conclusi\u00f3n de este monumental proyecto contribuy\u00f3 a la integraci\u00f3n y pacificaci\u00f3n de M\u00e9xico, despu\u00e9s de la guerra de Reforma. Asimismo, facilit\u00f3 la reactivaci\u00f3n econ\u00f3mica y el establecimiento de un moderno sistema de transporte que marcar\u00eda el origen de la industria ferroviaria mexicana.<\/p>\n\n\n\n<p>En el contexto del 150 aniversario del Ferrocarril Mexicano y a 35 a\u00f1os de la fundaci\u00f3n del Museo Nacional de los Ferrocarriles Mexicanos, en la ciudad de Puebla, el CNPPCF desarrollar\u00e1, a lo largo del presente a\u00f1o, un amplio programa&nbsp; acad\u00e9mico y cultural, dentro del cual destacan: la segunda emisi\u00f3n del curso virtual \u201cEl Mexicano: la primera l\u00ednea f\u00e9rrea del pa\u00eds\u201d, mismo que se llevar\u00e1 a cabo en colaboraci\u00f3n con el Instituto de Ciencias Sociales y Humanidades \u201cAlfonso V\u00e9lez Pliego\u201d de la Benem\u00e9rita Universidad Aut\u00f3noma de Puebla; tambi\u00e9n se realizar\u00e1n la d\u00e9cimo tercera emisi\u00f3n del&nbsp; \u201cEncuentro Nacional de Investigadores del Ferrocarril\u201d, el&nbsp;&nbsp;ciclo de charlas de caf\u00e9 \u201cM\u00e9xico en la ruta de las mil maravillas\u201d y la&nbsp;publicaci\u00f3n de un n\u00famero especial de la revista digital<em>&nbsp;Mirada Ferroviaria<\/em>, dedicada al Ferrocarril Mexicano.<strong><\/strong><\/p>\n\n\n\n<p>&nbsp;&nbsp;&nbsp;&nbsp;&nbsp;&nbsp;&nbsp;&nbsp;&nbsp;&nbsp;&nbsp; Como parte de su agenda cultural el Centro y el Museo promover\u00e1n &#8211; en los estados deVeracruz, Puebla, Tlaxcala, Hidalgo, as\u00ed como en el Estado de M\u00e9xico y Ciudad de M\u00e9xico, por donde cruz\u00f3 la ruta del Ferrocarril Mexicano \u2013 las exposiciones itinerantes: \u201cDe M\u00e9xico a Veracruz, una cierta mirada\u201d, \u201cLas cumbres de Maltrata, paisaje ferroviario\u201d, \u201cLos puentes del Metlac\u201d&nbsp;y \u201cJuan D. Vasallo. Fot\u00f3grafo y cineasta de Veracruz\u201d. Estas muestras se llevar\u00e1n tambi\u00e9n a formatos digitales y ser\u00e1n una pauta para organizar con las entidades propuestas de actividades paralelas.<\/p>\n\n\n\n<p>&nbsp;&nbsp;&nbsp;&nbsp;&nbsp;&nbsp;&nbsp;&nbsp;&nbsp;&nbsp;&nbsp;Al programa de exposiciones se sumar\u00e1 la restauraci\u00f3n y exhibici\u00f3n de un par de&nbsp;locomotoras que operaron en el Ferrocarril Mexicano, se trata de la m\u00e1quina de vapor FCM 40, construida en 1881 por la Baldwin Locomotive Works, que es la m\u00e1s antigua que se conserva en M\u00e9xico, as\u00ed como la locomotora el\u00e9ctrica FCM 1001, fabricada por General Electric y ALCO en 1923.<\/p>\n\n\n\n<p>&nbsp;&nbsp;&nbsp;&nbsp;&nbsp;&nbsp;&nbsp;&nbsp;&nbsp;&nbsp;&nbsp;&nbsp;La agenda cultural del CNPPCF y el MNFM tambi\u00e9n contempla la realizaci\u00f3n de los Festivales por la Cultura y la Paz: \u201cLibros para viajar\u201d, \u201cAlas sobre rieles\u201d, \u201cEstaci\u00f3n verano\u201d y \u201cV\u00edas Alternas\u201d. De igual forma, se dar\u00e1 impulso a una nueva estrategia de vinculaci\u00f3n con las escuelas de nivel b\u00e1sico a trav\u00e9s del proyecto \u201cCuadrillas Culturales\u201d, la edici\u00f3n&nbsp; y difusi\u00f3n del facsimilar del decreto que dio origen a la empresa del Ferrocarril Mexicano y una monograf\u00eda alusiva a su 150 aniversario.<\/p>\n\n\n\n<p>&nbsp;&nbsp;&nbsp;&nbsp;&nbsp;&nbsp;&nbsp;&nbsp;&nbsp;&nbsp;&nbsp;&nbsp;&nbsp;Este programa conmemorativo estar\u00e1 acompa\u00f1ado de una intensa campa\u00f1a de difusi\u00f3n, a la cual se sumar\u00e1 el apoyo de Radio Educaci\u00f3n, para la producci\u00f3n y emisi\u00f3n de las series radiof\u00f3nicas&nbsp;<em>Hombres y mujeres del riel<\/em>, la cual rescatar\u00e1 los testimonios de las y los trabajadores ferrocarrileros y&nbsp;<em>Por los caminos del tren<\/em>, que abordar\u00e1 los momentos m\u00e1s representativos en la construcci\u00f3n del Ferrocarril Mexicano.<\/p>\n","protected":false},"excerpt":{"rendered":"<p>El Centro Nacional para la Preservaci\u00f3n del Patrimonio Cultural Ferrocarrilero tendr\u00e1 durante el a\u00f1o actividades acad\u00e9micas y culturales que involucrar\u00e1n a las seis entidades por donde cruz\u00f3 la primera l\u00ednea ferroviaria del pa\u00eds La Secretar\u00eda de Cultura del Gobierno de M\u00e9xico, a trav\u00e9s del Centro Nacional para la Preservaci\u00f3n del Patrimonio Cultural Ferrocarrilero (CNPPCF), el [&hellip;]<\/p>\n","protected":false},"author":1,"featured_media":22330,"comment_status":"open","ping_status":"open","sticky":false,"template":"","format":"standard","meta":{"advanced_seo_description":"","jetpack_seo_html_title":"","jetpack_seo_noindex":false,"footnotes":"","jetpack_publicize_message":"","jetpack_is_tweetstorm":false,"jetpack_publicize_feature_enabled":true,"jetpack_social_post_already_shared":true,"jetpack_social_options":{"image_generator_settings":{"template":"highway","enabled":false}}},"categories":[26,4],"tags":[],"class_list":["post-22329","post","type-post","status-publish","format-standard","has-post-thumbnail","hentry","category-cultura","category-noticias"],"jetpack_publicize_connections":[],"jetpack_featured_media_url":"http:\/\/elcensornoticias.com\/wp-content\/uploads\/2023\/01\/Image.jpeg","jetpack_likes_enabled":true,"jetpack_sharing_enabled":true,"jetpack_shortlink":"https:\/\/wp.me\/p6xy50-5O9","_links":{"self":[{"href":"http:\/\/elcensornoticias.com\/index.php?rest_route=\/wp\/v2\/posts\/22329","targetHints":{"allow":["GET"]}}],"collection":[{"href":"http:\/\/elcensornoticias.com\/index.php?rest_route=\/wp\/v2\/posts"}],"about":[{"href":"http:\/\/elcensornoticias.com\/index.php?rest_route=\/wp\/v2\/types\/post"}],"author":[{"embeddable":true,"href":"http:\/\/elcensornoticias.com\/index.php?rest_route=\/wp\/v2\/users\/1"}],"replies":[{"embeddable":true,"href":"http:\/\/elcensornoticias.com\/index.php?rest_route=%2Fwp%2Fv2%2Fcomments&post=22329"}],"version-history":[{"count":2,"href":"http:\/\/elcensornoticias.com\/index.php?rest_route=\/wp\/v2\/posts\/22329\/revisions"}],"predecessor-version":[{"id":22402,"href":"http:\/\/elcensornoticias.com\/index.php?rest_route=\/wp\/v2\/posts\/22329\/revisions\/22402"}],"wp:featuredmedia":[{"embeddable":true,"href":"http:\/\/elcensornoticias.com\/index.php?rest_route=\/wp\/v2\/media\/22330"}],"wp:attachment":[{"href":"http:\/\/elcensornoticias.com\/index.php?rest_route=%2Fwp%2Fv2%2Fmedia&parent=22329"}],"wp:term":[{"taxonomy":"category","embeddable":true,"href":"http:\/\/elcensornoticias.com\/index.php?rest_route=%2Fwp%2Fv2%2Fcategories&post=22329"},{"taxonomy":"post_tag","embeddable":true,"href":"http:\/\/elcensornoticias.com\/index.php?rest_route=%2Fwp%2Fv2%2Ftags&post=22329"}],"curies":[{"name":"wp","href":"https:\/\/api.w.org\/{rel}","templated":true}]}}