{"id":22295,"date":"2023-01-31T16:05:03","date_gmt":"2023-01-31T16:05:03","guid":{"rendered":"http:\/\/elcensornoticias.com\/?p=22295"},"modified":"2023-01-31T16:05:07","modified_gmt":"2023-01-31T16:05:07","slug":"el-ejercicio-de-la-comparecencia-es-necesario-los-servidores-publicos-tenemos-por-objetivo-servir-al-pueblo-aseguro-la-diputada-alejandra-ramirez-ortiz","status":"publish","type":"post","link":"http:\/\/elcensornoticias.com\/?p=22295","title":{"rendered":"El ejercicio de la comparecencia es necesario, los servidores p\u00fablicos tenemos por objetivo servir al pueblo, asegur\u00f3 la diputada Alejandra Ram\u00edrez Ortiz"},"content":{"rendered":"\n<p>La legisladora pidi\u00f3 a la procuradora abundar sobre las pol\u00edticas implementadas a trav\u00e9s de la cultura de la paz y la denuncia, para contener los \u00edndices delictivos.\u00a0<\/p>\n\n\n\n<p>La diputada Laura Alejandra Ram\u00edrez Ortiz, representante del Partido Alianza Ciudadana (PAC), de la LXIV legislatura del Congreso del Estado, durante el ejercicio democr\u00e1tico, en el que la titular de la Procuradur\u00eda General de Justicia de Estado, Ernestina Carro Rold\u00e1n, compareci\u00f3 ante las y los legisladores, destac\u00f3 la importancia de la cultura de la paz y de la denuncia para la contenci\u00f3n de los delitos.&nbsp;<\/p>\n\n\n\n<p>Durante su intervenci\u00f3n, subray\u00f3 la relevancia que tienen en la vida pol\u00edtica y social de nuestro Estado, la realizaci\u00f3n de este tipo de eventos, \u201cEl ejercicio de la comparecencia es necesario, todos los que trabajamos como servidores p\u00fablicos tenemos un objetivo en com\u00fan, que es servir al pueblo\u201d se\u00f1al\u00f3.&nbsp;<\/p>\n\n\n\n<p>Expres\u00f3 su preocupaci\u00f3n respecto a los \u00edndices delictivos en el Estado, por lo que le pregunt\u00f3 a la procuradora, cu\u00e1les son las estrategias que se han planteado, a fin de combatir la incidencia delictiva, as\u00ed como el seguimiento a los nuevos modelos de combate a la violencia que se han gestado a nivel nacional e internacional.&nbsp;<\/p>\n\n\n\n<p>Tambi\u00e9n la diputada local, cuestion\u00f3 las acciones y pol\u00edticas que se han implementado por parte de la Procuradur\u00eda General de Justicia del Estado, respecto al fomento de la cultura de la paz, as\u00ed como los mecanismos que permiten que los ciudadanos se interesen m\u00e1s por denunciar, y c\u00f3mo se ha implementado el combate a la corrupci\u00f3n a trav\u00e9s de la cultura de la prevenci\u00f3n.&nbsp;<\/p>\n\n\n\n<p>En ese sentido Carro Rold\u00e1n, respondi\u00f3 que la procuradur\u00eda, ha implementado distintas acciones y estrategias; en un primer momento -se\u00f1al\u00f3- se realiz\u00f3 un diagn\u00f3stico para conocer la situaci\u00f3n en que se encontraba la instituci\u00f3n, posteriormente se realiz\u00f3 la medici\u00f3n de la eficiencia y eficacia de los funcionarios, a fin de garantizar que las vinculaciones y los resultados sean certeros, y que a su vez califiquen el actuar de las y los servidores p\u00fablicos.&nbsp;<\/p>\n\n\n\n<p>Asegur\u00f3 que han establecido distintos medidores de desempe\u00f1o, y reforzado las medidas de transparencia, han capacitado a los servidores p\u00fablicos, especialmente sobre delitos de alto impacto.&nbsp;<\/p>\n\n\n\n<p>Tambi\u00e9n destac\u00f3 que, como parte de las pol\u00edticas establecidas, se ha priorizado la mediaci\u00f3n, para lograr el cumplimiento con las carpetas de investigaci\u00f3n, lo que refleja, el buen desempe\u00f1o y trabajo para la cultura de la paz.&nbsp;<\/p>\n\n\n\n<p>La diputada Alejandra Ram\u00edrez Ortiz, celebr\u00f3 este ejercicio democr\u00e1tico, y a su vez refrend\u00f3 su compromiso con la ciudadan\u00eda de trabajar para que la cultura de la paz, sea una realidad en Tlaxcala.<\/p>\n","protected":false},"excerpt":{"rendered":"<p>La legisladora pidi\u00f3 a la procuradora abundar sobre las pol\u00edticas implementadas a trav\u00e9s de la cultura de la paz y la denuncia, para contener los \u00edndices delictivos.\u00a0 La diputada Laura Alejandra Ram\u00edrez Ortiz, representante del Partido Alianza Ciudadana (PAC), de la LXIV legislatura del Congreso del Estado, durante el ejercicio democr\u00e1tico, en el que la [&hellip;]<\/p>\n","protected":false},"author":1,"featured_media":22296,"comment_status":"open","ping_status":"open","sticky":false,"template":"","format":"standard","meta":{"advanced_seo_description":"","jetpack_seo_html_title":"","jetpack_seo_noindex":false,"footnotes":"","jetpack_publicize_message":"","jetpack_is_tweetstorm":false,"jetpack_publicize_feature_enabled":true,"jetpack_social_post_already_shared":true,"jetpack_social_options":{"image_generator_settings":{"template":"highway","enabled":false}}},"categories":[27,2],"tags":[],"class_list":["post-22295","post","type-post","status-publish","format-standard","has-post-thumbnail","hentry","category-congreso","category-destacadas"],"jetpack_publicize_connections":[],"jetpack_featured_media_url":"http:\/\/elcensornoticias.com\/wp-content\/uploads\/2023\/01\/0efd372d-eec3-449a-ab3c-470da829b629.jpg","jetpack_likes_enabled":true,"jetpack_sharing_enabled":true,"jetpack_shortlink":"https:\/\/wp.me\/p6xy50-5NB","_links":{"self":[{"href":"http:\/\/elcensornoticias.com\/index.php?rest_route=\/wp\/v2\/posts\/22295","targetHints":{"allow":["GET"]}}],"collection":[{"href":"http:\/\/elcensornoticias.com\/index.php?rest_route=\/wp\/v2\/posts"}],"about":[{"href":"http:\/\/elcensornoticias.com\/index.php?rest_route=\/wp\/v2\/types\/post"}],"author":[{"embeddable":true,"href":"http:\/\/elcensornoticias.com\/index.php?rest_route=\/wp\/v2\/users\/1"}],"replies":[{"embeddable":true,"href":"http:\/\/elcensornoticias.com\/index.php?rest_route=%2Fwp%2Fv2%2Fcomments&post=22295"}],"version-history":[{"count":1,"href":"http:\/\/elcensornoticias.com\/index.php?rest_route=\/wp\/v2\/posts\/22295\/revisions"}],"predecessor-version":[{"id":22297,"href":"http:\/\/elcensornoticias.com\/index.php?rest_route=\/wp\/v2\/posts\/22295\/revisions\/22297"}],"wp:featuredmedia":[{"embeddable":true,"href":"http:\/\/elcensornoticias.com\/index.php?rest_route=\/wp\/v2\/media\/22296"}],"wp:attachment":[{"href":"http:\/\/elcensornoticias.com\/index.php?rest_route=%2Fwp%2Fv2%2Fmedia&parent=22295"}],"wp:term":[{"taxonomy":"category","embeddable":true,"href":"http:\/\/elcensornoticias.com\/index.php?rest_route=%2Fwp%2Fv2%2Fcategories&post=22295"},{"taxonomy":"post_tag","embeddable":true,"href":"http:\/\/elcensornoticias.com\/index.php?rest_route=%2Fwp%2Fv2%2Ftags&post=22295"}],"curies":[{"name":"wp","href":"https:\/\/api.w.org\/{rel}","templated":true}]}}