{"id":22292,"date":"2023-01-31T16:02:36","date_gmt":"2023-01-31T16:02:36","guid":{"rendered":"http:\/\/elcensornoticias.com\/?p=22292"},"modified":"2023-01-31T16:02:39","modified_gmt":"2023-01-31T16:02:39","slug":"importante-la-capacitacion-del-personal-de-la-procuraduria-diputado-jaciel-gonzalez-herrera","status":"publish","type":"post","link":"http:\/\/elcensornoticias.com\/?p=22292","title":{"rendered":"\u201cImportante la capacitaci\u00f3n del personal de la Procuradur\u00eda\u201d:  Diputado Jaciel Gonz\u00e1lez Herrera"},"content":{"rendered":"\n<p>Dijo que es necesario el conocimiento en materia de derechos humanos y g\u00e9nero, durante la primera comparecencia de la glosa.<\/p>\n\n\n\n<p>El diputado Jaciel Gonz\u00e1lez Herrera, coordinador del Partido Verde Ecologista de M\u00e9xico (PVEM), durante la sesi\u00f3n extraordinaria de la Comisi\u00f3n de Protecci\u00f3n Civil, Seguridad P\u00fablica, Previsi\u00f3n y Reinserci\u00f3n Social, de la LXIV Legislatura, con motivo de la comparecencia de la titular de la Procuradur\u00eda General de Justicia del Estado, Ernestina Carro Rold\u00e1n, precis\u00f3 la importancia de contar con personal capacitado en dicha instituci\u00f3n.<\/p>\n\n\n\n<p>Durante su intervenci\u00f3n, pregunt\u00f3 a la Procuradora Ernestina Carro Rold\u00e1n, respecto a la existencia de medidas implementadas en capacitaci\u00f3n y profesionalizaci\u00f3n del personal que integra la Procuradur\u00eda General de Justicia del Estado, en materia de derechos humanos y atenci\u00f3n a victimas del delito, as\u00ed como el periodo en que se realizan, a fin de garantizar una adecuada actualizaci\u00f3n de las y los servidores p\u00fablicos.<\/p>\n\n\n\n<p>La titular de dicha dependencia respondi\u00f3 que ha existido una constante capacitaci\u00f3n del personal, con inversi\u00f3n tanto federal como estatal, adem\u00e1s de tener vinculaci\u00f3n con la Comisi\u00f3n de Derechos Humanos, para la debida atenci\u00f3n a las v\u00edctimas, por lo que el personal se encuentra acreditado para brindar sus servicios profesionales, tal y como el Sistema Penal Acusatorio lo exige.<\/p>\n\n\n\n<p>El legislador Gonz\u00e1lez Herrera, pregunt\u00f3 tambi\u00e9n sobre la existencia de casos de trata de personas en Tlaxcala a lo largo de este \u00faltimo a\u00f1o, as\u00ed como las estrategias planteadas por la PGJE para atender delitos de violencia de g\u00e9nero y sus resultados.<\/p>\n\n\n\n<p>Ernestina Carro, se\u00f1al\u00f3 que las denuncias de trata son de a\u00f1os anteriores; sin embargo, lo posicion\u00f3 como un fen\u00f3meno complejo, que no solo es propio de Tlaxcala, sino regional, nacional e internacional \u201ctenemos que visualizarlo como un acto responsable de las autoridades\u201d puntualiz\u00f3.<\/p>\n\n\n\n<p>Las funcionaria refiri\u00f3 que en el caso de las v\u00edctimas de violencia g\u00e9nero, se brinda atenci\u00f3n de manera coordinada entre el m\u00f3dulo especializado y el Centro de Justicia para la Mujer, acompa\u00f1amiento legal, asesor\u00eda psicol\u00f3gica y se les apoya en el proceso de la denuncia, as\u00ed como la vinculaci\u00f3n a los refugios, para garantizar su seguridad.<\/p>\n\n\n\n<p>El diputado Jaciel Gonz\u00e1lez, destac\u00f3 la necesidad de que las y los servidores p\u00fablicos adscritos a la Procuradur\u00eda se encuentren capacitados en atenci\u00f3n a v\u00edctimas, en materia de derechos humanos y g\u00e9nero, a fin de que las estrategias planteadas, tanto en el combate de la trata de personas con fines de explotaci\u00f3n sexual como de la violencia de g\u00e9nero, den resultados favorecedores.<\/p>\n","protected":false},"excerpt":{"rendered":"<p>Dijo que es necesario el conocimiento en materia de derechos humanos y g\u00e9nero, durante la primera comparecencia de la glosa. El diputado Jaciel Gonz\u00e1lez Herrera, coordinador del Partido Verde Ecologista de M\u00e9xico (PVEM), durante la sesi\u00f3n extraordinaria de la Comisi\u00f3n de Protecci\u00f3n Civil, Seguridad P\u00fablica, Previsi\u00f3n y Reinserci\u00f3n Social, de la LXIV Legislatura, con motivo [&hellip;]<\/p>\n","protected":false},"author":1,"featured_media":22293,"comment_status":"open","ping_status":"open","sticky":false,"template":"","format":"standard","meta":{"advanced_seo_description":"","jetpack_seo_html_title":"","jetpack_seo_noindex":false,"footnotes":"","jetpack_publicize_message":"","jetpack_is_tweetstorm":false,"jetpack_publicize_feature_enabled":true,"jetpack_social_post_already_shared":true,"jetpack_social_options":{"image_generator_settings":{"template":"highway","enabled":false}}},"categories":[27,2],"tags":[],"class_list":["post-22292","post","type-post","status-publish","format-standard","has-post-thumbnail","hentry","category-congreso","category-destacadas"],"jetpack_publicize_connections":[],"jetpack_featured_media_url":"http:\/\/elcensornoticias.com\/wp-content\/uploads\/2023\/01\/9.jpg","jetpack_likes_enabled":true,"jetpack_sharing_enabled":true,"jetpack_shortlink":"https:\/\/wp.me\/p6xy50-5Ny","_links":{"self":[{"href":"http:\/\/elcensornoticias.com\/index.php?rest_route=\/wp\/v2\/posts\/22292","targetHints":{"allow":["GET"]}}],"collection":[{"href":"http:\/\/elcensornoticias.com\/index.php?rest_route=\/wp\/v2\/posts"}],"about":[{"href":"http:\/\/elcensornoticias.com\/index.php?rest_route=\/wp\/v2\/types\/post"}],"author":[{"embeddable":true,"href":"http:\/\/elcensornoticias.com\/index.php?rest_route=\/wp\/v2\/users\/1"}],"replies":[{"embeddable":true,"href":"http:\/\/elcensornoticias.com\/index.php?rest_route=%2Fwp%2Fv2%2Fcomments&post=22292"}],"version-history":[{"count":1,"href":"http:\/\/elcensornoticias.com\/index.php?rest_route=\/wp\/v2\/posts\/22292\/revisions"}],"predecessor-version":[{"id":22294,"href":"http:\/\/elcensornoticias.com\/index.php?rest_route=\/wp\/v2\/posts\/22292\/revisions\/22294"}],"wp:featuredmedia":[{"embeddable":true,"href":"http:\/\/elcensornoticias.com\/index.php?rest_route=\/wp\/v2\/media\/22293"}],"wp:attachment":[{"href":"http:\/\/elcensornoticias.com\/index.php?rest_route=%2Fwp%2Fv2%2Fmedia&parent=22292"}],"wp:term":[{"taxonomy":"category","embeddable":true,"href":"http:\/\/elcensornoticias.com\/index.php?rest_route=%2Fwp%2Fv2%2Fcategories&post=22292"},{"taxonomy":"post_tag","embeddable":true,"href":"http:\/\/elcensornoticias.com\/index.php?rest_route=%2Fwp%2Fv2%2Ftags&post=22292"}],"curies":[{"name":"wp","href":"https:\/\/api.w.org\/{rel}","templated":true}]}}