{"id":22281,"date":"2023-01-30T23:03:12","date_gmt":"2023-01-30T23:03:12","guid":{"rendered":"http:\/\/elcensornoticias.com\/?p=22281"},"modified":"2023-01-30T23:03:17","modified_gmt":"2023-01-30T23:03:17","slug":"procuradora-y-subprocuradora-realizaron-sus-examenes-de-control-y-confianza-en-agosto-de-2022-pgje","status":"publish","type":"post","link":"http:\/\/elcensornoticias.com\/?p=22281","title":{"rendered":"PROCURADORA Y SUBPROCURADORA REALIZARON SUS EX\u00c1MENES DE CONTROL Y CONFIANZA EN AGOSTO DE 2022: PGJE"},"content":{"rendered":"\n<p>Ambas servidoras p\u00fablicas acudieron al Centro de Evaluaci\u00f3n y Control de Confianza del Servicio de Protecci\u00f3n Federal ubicado en la Ciudad de M\u00e9xico.\u00a0<\/p>\n\n\n\n<p>La Procuradur\u00eda General de Justicia del Estado (PGJE) inform\u00f3 que la titular de la dependencia, Ernestina Carro Rold\u00e1n, as\u00ed como la subprocuradora, Mar\u00eda Azucena Jim\u00e9nez Pacheco, realizaron sus ex\u00e1menes de control y confianza los d\u00edas 12 y 13 de agosto de 2022.\u00a0\u00a0<\/p>\n\n\n\n<p>La dependencia estatal inform\u00f3 que ambas servidoras p\u00fablicas realizaron sus ex\u00e1menes en el Centro de Evaluaci\u00f3n y Control de Confianza del Servicio de Protecci\u00f3n Federal ubicado en la Ciudad de M\u00e9xico, esto con el objetivo de dar cumplimiento a lo establecido en el art\u00edculo 48, fracci\u00f3n XII, de la Ley Org\u00e1nica de la Instituci\u00f3n del Ministerio P\u00fablico del Estado de Tlaxcala, el cual establece que los servidores p\u00fablicos de la Procuradur\u00eda tendr\u00e1n la obligaci\u00f3n de someterse a los procesos de evaluaci\u00f3n al desempe\u00f1o y control de confianza de conformidad con las disposiciones legalmente aplicables.\u00a0<\/p>\n\n\n\n<p>Mientras que el Centro Estatal de Evaluaci\u00f3n y Control de Confianza (C3) de Tlaxcala ha programado en pr\u00f3ximas fechas al dem\u00e1s personal adscrito a la PGJE para realizar dicho examen y dar cumplimiento con lo que establece la ley.\u00a0La Procuradur\u00eda General de Justicia del Estado mantiene su compromiso de ser una instituci\u00f3n con procedimientos transparentes, apegada a las leyes establecidas.<\/p>\n","protected":false},"excerpt":{"rendered":"<p>Ambas servidoras p\u00fablicas acudieron al Centro de Evaluaci\u00f3n y Control de Confianza del Servicio de Protecci\u00f3n Federal ubicado en la Ciudad de M\u00e9xico.\u00a0 La Procuradur\u00eda General de Justicia del Estado (PGJE) inform\u00f3 que la titular de la dependencia, Ernestina Carro Rold\u00e1n, as\u00ed como la subprocuradora, Mar\u00eda Azucena Jim\u00e9nez Pacheco, realizaron sus ex\u00e1menes de control y [&hellip;]<\/p>\n","protected":false},"author":1,"featured_media":22282,"comment_status":"open","ping_status":"open","sticky":false,"template":"","format":"standard","meta":{"advanced_seo_description":"","jetpack_seo_html_title":"","jetpack_seo_noindex":false,"footnotes":"","jetpack_publicize_message":"","jetpack_is_tweetstorm":false,"jetpack_publicize_feature_enabled":true,"jetpack_social_post_already_shared":true,"jetpack_social_options":{"image_generator_settings":{"template":"highway","enabled":false}}},"categories":[5,9],"tags":[],"class_list":["post-22281","post","type-post","status-publish","format-standard","has-post-thumbnail","hentry","category-carrucel","category-seguridad"],"jetpack_publicize_connections":[],"jetpack_featured_media_url":"http:\/\/elcensornoticias.com\/wp-content\/uploads\/2023\/01\/Screenshot_20230130_165433.jpg","jetpack_likes_enabled":true,"jetpack_sharing_enabled":true,"jetpack_shortlink":"https:\/\/wp.me\/p6xy50-5Nn","_links":{"self":[{"href":"http:\/\/elcensornoticias.com\/index.php?rest_route=\/wp\/v2\/posts\/22281","targetHints":{"allow":["GET"]}}],"collection":[{"href":"http:\/\/elcensornoticias.com\/index.php?rest_route=\/wp\/v2\/posts"}],"about":[{"href":"http:\/\/elcensornoticias.com\/index.php?rest_route=\/wp\/v2\/types\/post"}],"author":[{"embeddable":true,"href":"http:\/\/elcensornoticias.com\/index.php?rest_route=\/wp\/v2\/users\/1"}],"replies":[{"embeddable":true,"href":"http:\/\/elcensornoticias.com\/index.php?rest_route=%2Fwp%2Fv2%2Fcomments&post=22281"}],"version-history":[{"count":1,"href":"http:\/\/elcensornoticias.com\/index.php?rest_route=\/wp\/v2\/posts\/22281\/revisions"}],"predecessor-version":[{"id":22283,"href":"http:\/\/elcensornoticias.com\/index.php?rest_route=\/wp\/v2\/posts\/22281\/revisions\/22283"}],"wp:featuredmedia":[{"embeddable":true,"href":"http:\/\/elcensornoticias.com\/index.php?rest_route=\/wp\/v2\/media\/22282"}],"wp:attachment":[{"href":"http:\/\/elcensornoticias.com\/index.php?rest_route=%2Fwp%2Fv2%2Fmedia&parent=22281"}],"wp:term":[{"taxonomy":"category","embeddable":true,"href":"http:\/\/elcensornoticias.com\/index.php?rest_route=%2Fwp%2Fv2%2Fcategories&post=22281"},{"taxonomy":"post_tag","embeddable":true,"href":"http:\/\/elcensornoticias.com\/index.php?rest_route=%2Fwp%2Fv2%2Ftags&post=22281"}],"curies":[{"name":"wp","href":"https:\/\/api.w.org\/{rel}","templated":true}]}}