{"id":22263,"date":"2023-01-30T21:19:25","date_gmt":"2023-01-30T21:19:25","guid":{"rendered":"http:\/\/elcensornoticias.com\/?p=22263"},"modified":"2023-01-30T21:19:29","modified_gmt":"2023-01-30T21:19:29","slug":"firman-uatx-y-steieset-contrato-colectivo-de-trabajo","status":"publish","type":"post","link":"http:\/\/elcensornoticias.com\/?p=22263","title":{"rendered":"Firman UATx y STEIESET contrato colectivo de trabajo"},"content":{"rendered":"\n<p><strong>Se concret\u00f3 un incremento de 4.0 por ciento directo al salario<\/strong><\/p>\n\n\n\n<p>El Rector de la Universidad Aut\u00f3noma de Tlaxcala (UATx),&nbsp;Doctor Seraf\u00edn Ortiz Ortiz y la Secretaria General del Sindicato de Trabajadores y Empleados de Instituciones de Educaci\u00f3n Superior del Estado de Tlaxcala (STEIESET), Silvia Alicia Bernal Guevara, firmaron el contrato colectivo de trabajo correspondiente a 2023, en el que acordaron un aumento del 4.0% directo al salario, acto realizado en el Juzgado Primero de lo Laboral del Tribunal Superior de Justicia del Estado de Tlaxcala (TSJET).<\/p>\n\n\n\n<p>Al hacer uso de la voz, el Rector de la UATx se\u00f1al\u00f3 que, en un ambiente de cordialidad, con altura de miras y civilidad con que se dirigen los universitarios, se logr\u00f3 dicho acuerdo, que involucra tambi\u00e9n un conjunto de prestaciones en favor de los trabajadores administrativos y de imagen de este gremio.<\/p>\n\n\n\n<p>Reconoci\u00f3 la acertada gesti\u00f3n de este colegiado de trabajadores que, en todo momento, pugn\u00f3 por los provechos leg\u00edtimamente conseguidos, hecho con el cual, en esta m\u00e1xima Casa de Estudios de la entidad, prevalece la conjunci\u00f3n de esfuerzo y beneficio para todos, anteponiendo el inter\u00e9s com\u00fan de generar y preservar la estabilidad y la armon\u00eda institucional que prevalece.<\/p>\n\n\n\n<p>En tanto, la Secretaria General del STEIESET manifest\u00f3 que, en esta ocasi\u00f3n, la revisi\u00f3n contractual se realiz\u00f3 de manera exitosa, al haber obtenido un incremento hist\u00f3rico del 4.0 por ciento directo al salario, as\u00ed como en algunas cl\u00e1usulas del contrato colectivo de trabajo, que beneficiar\u00e1n a 540 empleados, por ello, agradeci\u00f3 la buena voluntad de las autoridades universitarias.<\/p>\n\n\n\n<p>De esta forma, se logra la continuidad en las actividades de atenci\u00f3n a m\u00e1s de 16 mil estudiantes de la UATx y se mantiene estabilidad en el clima laboral.<\/p>\n","protected":false},"excerpt":{"rendered":"<p>Se concret\u00f3 un incremento de 4.0 por ciento directo al salario El Rector de la Universidad Aut\u00f3noma de Tlaxcala (UATx),&nbsp;Doctor Seraf\u00edn Ortiz Ortiz y la Secretaria General del Sindicato de Trabajadores y Empleados de Instituciones de Educaci\u00f3n Superior del Estado de Tlaxcala (STEIESET), Silvia Alicia Bernal Guevara, firmaron el contrato colectivo de trabajo correspondiente a [&hellip;]<\/p>\n","protected":false},"author":1,"featured_media":22264,"comment_status":"open","ping_status":"open","sticky":false,"template":"","format":"standard","meta":{"advanced_seo_description":"","jetpack_seo_html_title":"","jetpack_seo_noindex":false,"footnotes":"","jetpack_publicize_message":"","jetpack_is_tweetstorm":false,"jetpack_publicize_feature_enabled":true,"jetpack_social_post_already_shared":true,"jetpack_social_options":{"image_generator_settings":{"template":"highway","enabled":false}}},"categories":[2,28],"tags":[],"class_list":["post-22263","post","type-post","status-publish","format-standard","has-post-thumbnail","hentry","category-destacadas","category-educacion"],"jetpack_publicize_connections":[],"jetpack_featured_media_url":"http:\/\/elcensornoticias.com\/wp-content\/uploads\/2023\/01\/30-Firman-UATx-y-STEIESET-contrato-colectivo-de-trabajo.jpg","jetpack_likes_enabled":true,"jetpack_sharing_enabled":true,"jetpack_shortlink":"https:\/\/wp.me\/p6xy50-5N5","_links":{"self":[{"href":"http:\/\/elcensornoticias.com\/index.php?rest_route=\/wp\/v2\/posts\/22263","targetHints":{"allow":["GET"]}}],"collection":[{"href":"http:\/\/elcensornoticias.com\/index.php?rest_route=\/wp\/v2\/posts"}],"about":[{"href":"http:\/\/elcensornoticias.com\/index.php?rest_route=\/wp\/v2\/types\/post"}],"author":[{"embeddable":true,"href":"http:\/\/elcensornoticias.com\/index.php?rest_route=\/wp\/v2\/users\/1"}],"replies":[{"embeddable":true,"href":"http:\/\/elcensornoticias.com\/index.php?rest_route=%2Fwp%2Fv2%2Fcomments&post=22263"}],"version-history":[{"count":1,"href":"http:\/\/elcensornoticias.com\/index.php?rest_route=\/wp\/v2\/posts\/22263\/revisions"}],"predecessor-version":[{"id":22265,"href":"http:\/\/elcensornoticias.com\/index.php?rest_route=\/wp\/v2\/posts\/22263\/revisions\/22265"}],"wp:featuredmedia":[{"embeddable":true,"href":"http:\/\/elcensornoticias.com\/index.php?rest_route=\/wp\/v2\/media\/22264"}],"wp:attachment":[{"href":"http:\/\/elcensornoticias.com\/index.php?rest_route=%2Fwp%2Fv2%2Fmedia&parent=22263"}],"wp:term":[{"taxonomy":"category","embeddable":true,"href":"http:\/\/elcensornoticias.com\/index.php?rest_route=%2Fwp%2Fv2%2Fcategories&post=22263"},{"taxonomy":"post_tag","embeddable":true,"href":"http:\/\/elcensornoticias.com\/index.php?rest_route=%2Fwp%2Fv2%2Ftags&post=22263"}],"curies":[{"name":"wp","href":"https:\/\/api.w.org\/{rel}","templated":true}]}}