{"id":22251,"date":"2023-01-30T20:09:42","date_gmt":"2023-01-30T20:09:42","guid":{"rendered":"http:\/\/elcensornoticias.com\/?p=22251"},"modified":"2023-01-30T20:09:46","modified_gmt":"2023-01-30T20:09:46","slug":"con-promeza-el-inah-atiende-zonas-arqueologicas-de-la-ruta-puuc-y-prepara-museo-de-sitio","status":"publish","type":"post","link":"http:\/\/elcensornoticias.com\/?p=22251","title":{"rendered":"Con Promeza, el INAH atiende zonas arqueol\u00f3gicas de la Ruta Puuc y prepara museo de sitio"},"content":{"rendered":"\n<ul class=\"wp-block-list\"><li><strong>El titular del INAH, Diego Prieto Hern\u00e1ndez, inform\u00f3 que se concluy\u00f3 la excavaci\u00f3n del Tramo 3 del proyecto prioritario Tren Maya&nbsp;<\/strong><\/li><li><strong>En Kabah se desarrollan las tareas previas para la creaci\u00f3n del recinto muse\u00edstico que mostrar\u00e1 hallazgos y caracter\u00edsticas de dicho itinerario cultural&nbsp;<\/strong><\/li><\/ul>\n\n\n\n<p>En el marco del proyecto prioritario Tren Maya, la Secretar\u00eda de Cultura del Gobierno de M\u00e9xico, a trav\u00e9s del Instituto Nacional de Antropolog\u00eda e Historia (INAH), en colaboraci\u00f3n con el Fondo Nacional de Fomento al Turismo, atiende los sitios arqueol\u00f3gicos que integran la Ruta Puuc, al tiempo que avanzan las tareas preliminares para la creaci\u00f3n del Museo de Sitio de esta regi\u00f3n cultural maya, cuya sede estar\u00e1 en Kabah.&nbsp;<\/p>\n\n\n\n<p>Al participar en la conferencia matutina del presidente de M\u00e9xico, Andr\u00e9s Manuel L\u00f3pez Obrador, el director general del INAH, Diego Prieto Hern\u00e1ndez, se\u00f1al\u00f3 que ha concluido la excavaci\u00f3n arqueol\u00f3gica del Tramo 3, cuya longitud es de 159.7 kil\u00f3metros, la cual corre de Calkin\u00ed, en Campeche, a Izamal, en Yucat\u00e1n.&nbsp;&nbsp;<\/p>\n\n\n\n<p>En este sentido, detall\u00f3 que al corte del 30 de enero de 2023, se han registrado y preservado 7,256 estructuras de car\u00e1cter inmueble, desde cimentaciones, caminos antiguos y albarradas, hasta algunas estructuras de mayor dimensi\u00f3n; 374 bienes muebles, entre ellos, vasijas con escritura, bajorrelieve o pintadas; 216,371 tiestos de cer\u00e1mica; cinco enterramientos humanos y 117 rasgos culturales asociados con cuevas y cenotes, que aportan informaci\u00f3n de los mayas del pasado que se asentaron en el \u00e1rea.&nbsp;<\/p>\n\n\n\n<p>El titular del INAH puntualiz\u00f3 que una vez recuperados estos materiales, se ha procedido a su ordenamiento, clasificaci\u00f3n, restauraci\u00f3n, catalogaci\u00f3n y an\u00e1lisis.&nbsp;<\/p>\n\n\n\n<p>Prieto Hern\u00e1ndez destac\u00f3 la aplicaci\u00f3n del Programa de Mejoramiento de Zonas Arqueol\u00f3gicas (Promeza) en los sitios que integran la Ruta Puuc: Oxkintok, Uxmal, Kabah, Xlapak, Sayil, Labn\u00e1 y Chacmult\u00fan; adem\u00e1s de Dzibilchalt\u00fan, ubicada al norte de la pen\u00ednsula de Yucat\u00e1n.&nbsp;&nbsp;<\/p>\n\n\n\n<p>En el caso de Uxmal, dijo, se atienden estructuras del conjunto El Palomar, al tiempo que se avanza en los trabajos previos para la edificaci\u00f3n de un Centro de Atenci\u00f3n a Visitantes (Catvi).&nbsp;<\/p>\n\n\n\n<p>En Dzibilchalt\u00fan las labores se enfocan en la investigaci\u00f3n, conservaci\u00f3n, consolidaci\u00f3n y mantenimiento de estructuras, entre ellas, el Templo de las Siete Mu\u00f1ecas, relevante por su importancia arqueoastron\u00f3mica, as\u00ed como en la restructuraci\u00f3n del Museo de Sitio.&nbsp;&nbsp;<\/p>\n\n\n\n<p>Por \u00faltimo, el director general del INAH se\u00f1al\u00f3 que, gracias al trabajo interdisciplinario, en el Tramo 3 se han develado tres hallazgos de suma importancia para la cultura maya: la Estela 18, en Uxmal; una escultura dual, en Oxkintok, y, recientemente, una ofrenda con vasijas con escritura y bajorrelieve, en la que ser\u00e1 la estaci\u00f3n Teya, en M\u00e9rida.&nbsp;<\/p>\n","protected":false},"excerpt":{"rendered":"<p>El titular del INAH, Diego Prieto Hern\u00e1ndez, inform\u00f3 que se concluy\u00f3 la excavaci\u00f3n del Tramo 3 del proyecto prioritario Tren Maya&nbsp; En Kabah se desarrollan las tareas previas para la creaci\u00f3n del recinto muse\u00edstico que mostrar\u00e1 hallazgos y caracter\u00edsticas de dicho itinerario cultural&nbsp; En el marco del proyecto prioritario Tren Maya, la Secretar\u00eda de Cultura [&hellip;]<\/p>\n","protected":false},"author":1,"featured_media":22252,"comment_status":"open","ping_status":"open","sticky":false,"template":"","format":"standard","meta":{"advanced_seo_description":"","jetpack_seo_html_title":"","jetpack_seo_noindex":false,"footnotes":"","jetpack_publicize_message":"","jetpack_is_tweetstorm":false,"jetpack_publicize_feature_enabled":true,"jetpack_social_post_already_shared":true,"jetpack_social_options":{"image_generator_settings":{"template":"highway","enabled":false}}},"categories":[26,4],"tags":[],"class_list":["post-22251","post","type-post","status-publish","format-standard","has-post-thumbnail","hentry","category-cultura","category-noticias"],"jetpack_publicize_connections":[],"jetpack_featured_media_url":"http:\/\/elcensornoticias.com\/wp-content\/uploads\/2023\/01\/Conferencia-matutina-300123.-Foto.-Cortesia-1.jpeg","jetpack_likes_enabled":true,"jetpack_sharing_enabled":true,"jetpack_shortlink":"https:\/\/wp.me\/p6xy50-5MT","_links":{"self":[{"href":"http:\/\/elcensornoticias.com\/index.php?rest_route=\/wp\/v2\/posts\/22251","targetHints":{"allow":["GET"]}}],"collection":[{"href":"http:\/\/elcensornoticias.com\/index.php?rest_route=\/wp\/v2\/posts"}],"about":[{"href":"http:\/\/elcensornoticias.com\/index.php?rest_route=\/wp\/v2\/types\/post"}],"author":[{"embeddable":true,"href":"http:\/\/elcensornoticias.com\/index.php?rest_route=\/wp\/v2\/users\/1"}],"replies":[{"embeddable":true,"href":"http:\/\/elcensornoticias.com\/index.php?rest_route=%2Fwp%2Fv2%2Fcomments&post=22251"}],"version-history":[{"count":1,"href":"http:\/\/elcensornoticias.com\/index.php?rest_route=\/wp\/v2\/posts\/22251\/revisions"}],"predecessor-version":[{"id":22253,"href":"http:\/\/elcensornoticias.com\/index.php?rest_route=\/wp\/v2\/posts\/22251\/revisions\/22253"}],"wp:featuredmedia":[{"embeddable":true,"href":"http:\/\/elcensornoticias.com\/index.php?rest_route=\/wp\/v2\/media\/22252"}],"wp:attachment":[{"href":"http:\/\/elcensornoticias.com\/index.php?rest_route=%2Fwp%2Fv2%2Fmedia&parent=22251"}],"wp:term":[{"taxonomy":"category","embeddable":true,"href":"http:\/\/elcensornoticias.com\/index.php?rest_route=%2Fwp%2Fv2%2Fcategories&post=22251"},{"taxonomy":"post_tag","embeddable":true,"href":"http:\/\/elcensornoticias.com\/index.php?rest_route=%2Fwp%2Fv2%2Ftags&post=22251"}],"curies":[{"name":"wp","href":"https:\/\/api.w.org\/{rel}","templated":true}]}}