{"id":22248,"date":"2023-01-30T20:07:41","date_gmt":"2023-01-30T20:07:41","guid":{"rendered":"http:\/\/elcensornoticias.com\/?p=22248"},"modified":"2023-01-30T20:07:45","modified_gmt":"2023-01-30T20:07:45","slug":"convoca-sc-a-participar-en-el-carnaval-tlaxcala-2023","status":"publish","type":"post","link":"http:\/\/elcensornoticias.com\/?p=22248","title":{"rendered":"CONVOCA SC A PARTICIPAR EN EL CARNAVAL TLAXCALA 2023"},"content":{"rendered":"\n<p>El proceso de registro para la entrega de apoyos econ\u00f3micos tendr\u00e1 lugar del 28 de enero al 3 de febrero<br>A fin de promover e impulsar las diversas manifestaciones culturales, el Gobierno del Estado, a trav\u00e9s de la Secretar\u00eda de Cultura, convoca a las camadas a participar en el carnaval \u201cTlaxcala 2023\u201d que se llevar\u00e1 a cabo del jueves 16 al martes 21 de febrero.&nbsp;<br>En este sentido, el proceso para la entrega de apoyos econ\u00f3micos se realizar\u00e1 en las oficinas del Centro de las Artes, ubicadas en calle Fernando Solana, n\u00famero 1, Primera Secci\u00f3n, San Luis Apizaquito, municipio de Apizaco; as\u00ed como en el Museo de Arte, en Plaza de la Constituci\u00f3n, n\u00famero 21, centro hist\u00f3rico de la ciudad de Tlaxcala, con un horario de 9:00 a 16:00 horas.&nbsp;<br>Las agrupaciones interesadas deber\u00e1n presentar un escrito de solitud de apoyo econ\u00f3mico dirigida al titular de la Secretar\u00eda de Cultura, Antonio Mart\u00ednez Vel\u00e1zquez, debidamente firmada por el representante de la camada y anexar la constancia de participaci\u00f3n en el carnaval 2023 expedida por la Secretar\u00eda de Educaci\u00f3n P\u00fablica del Estado, Turismo o Direcci\u00f3n de Cultura, Recreaci\u00f3n y Deporte de la SEPE\u2013USET.<br>Adem\u00e1s, dicho expediente deber\u00e1 contar con la constancia de antig\u00fcedad de la camada expedida por el municipio; la rese\u00f1a hist\u00f3rica de la Camada y evidencias fotogr\u00e1ficas recientes que den muestra de sus presentaciones (no se aceptar\u00e1n fotograf\u00edas bajadas de internet); presentar constancias de participaci\u00f3n en eventos del carnaval en sus municipios, comunidades o fuera del estado.<br>Asimismo, se integrar\u00e1 una rese\u00f1a documental descriptiva de la celebraci\u00f3n del carnaval de su poblaci\u00f3n indicando fecha de inicio y fecha de remate; la constancia de reconocimiento del representante de la camada firmada por los integrantes.<br>De esta manera, la o el representante deber\u00e1 presentar credencial de identificaci\u00f3n oficial (INE), Clave \u00danica de Registro de Poblaci\u00f3n (CURP) y comprobante de domicilio (legibles y actualizadas), y anexar la relaci\u00f3n de integrantes de la camada, que contemple: nombre completo, edad y firma.<br>Es as\u00ed que, con un total de 4 millones 560 mil pesos, las camadas registradas por antig\u00fcedad (con m\u00e1s de 15 a\u00f1os de creaci\u00f3n), recibir\u00e1n 20 mil pesos; las camadas de mayor representatividad por su indumentaria, coreograf\u00eda y acompa\u00f1amiento musical, que oscilen entre los 9 a 14 a\u00f1os de creaci\u00f3n, ser\u00e1n acreedores de un apoyo econ\u00f3mico de 18 mil pesos; las camadas infantiles (no escolarizadas) de grupos comunitarios recibir\u00e1n 10 mil y las camadas de nueva creaci\u00f3n, con al menos 3 a\u00f1os de creaci\u00f3n se les entregar\u00e1 un monto de 5 mil pesos.&nbsp;<br>La presente convocatoria queda abierta a partir de su publicaci\u00f3n y hasta el pr\u00f3ximo 3 de febrero del a\u00f1o en curso.&nbsp;<br>Para mayor informaci\u00f3n, los interesados podr\u00e1n consultar las bases de la convocatoria en la p\u00e1gina oficial www.culturatlaxcala.com.mx, y en las redes sociales de la Secretar\u00eda de Cultura de Tlaxcala.<\/p>\n","protected":false},"excerpt":{"rendered":"<p>El proceso de registro para la entrega de apoyos econ\u00f3micos tendr\u00e1 lugar del 28 de enero al 3 de febreroA fin de promover e impulsar las diversas manifestaciones culturales, el Gobierno del Estado, a trav\u00e9s de la Secretar\u00eda de Cultura, convoca a las camadas a participar en el carnaval \u201cTlaxcala 2023\u201d que se llevar\u00e1 a [&hellip;]<\/p>\n","protected":false},"author":1,"featured_media":22249,"comment_status":"open","ping_status":"open","sticky":false,"template":"","format":"standard","meta":{"advanced_seo_description":"","jetpack_seo_html_title":"","jetpack_seo_noindex":false,"footnotes":"","jetpack_publicize_message":"","jetpack_is_tweetstorm":false,"jetpack_publicize_feature_enabled":true,"jetpack_social_post_already_shared":true,"jetpack_social_options":{"image_generator_settings":{"template":"highway","enabled":false}}},"categories":[5,3],"tags":[],"class_list":["post-22248","post","type-post","status-publish","format-standard","has-post-thumbnail","hentry","category-carrucel","category-gobierno"],"jetpack_publicize_connections":[],"jetpack_featured_media_url":"http:\/\/elcensornoticias.com\/wp-content\/uploads\/2023\/01\/IMG-20230130-WA0006.jpg","jetpack_likes_enabled":true,"jetpack_sharing_enabled":true,"jetpack_shortlink":"https:\/\/wp.me\/p6xy50-5MQ","_links":{"self":[{"href":"http:\/\/elcensornoticias.com\/index.php?rest_route=\/wp\/v2\/posts\/22248","targetHints":{"allow":["GET"]}}],"collection":[{"href":"http:\/\/elcensornoticias.com\/index.php?rest_route=\/wp\/v2\/posts"}],"about":[{"href":"http:\/\/elcensornoticias.com\/index.php?rest_route=\/wp\/v2\/types\/post"}],"author":[{"embeddable":true,"href":"http:\/\/elcensornoticias.com\/index.php?rest_route=\/wp\/v2\/users\/1"}],"replies":[{"embeddable":true,"href":"http:\/\/elcensornoticias.com\/index.php?rest_route=%2Fwp%2Fv2%2Fcomments&post=22248"}],"version-history":[{"count":1,"href":"http:\/\/elcensornoticias.com\/index.php?rest_route=\/wp\/v2\/posts\/22248\/revisions"}],"predecessor-version":[{"id":22250,"href":"http:\/\/elcensornoticias.com\/index.php?rest_route=\/wp\/v2\/posts\/22248\/revisions\/22250"}],"wp:featuredmedia":[{"embeddable":true,"href":"http:\/\/elcensornoticias.com\/index.php?rest_route=\/wp\/v2\/media\/22249"}],"wp:attachment":[{"href":"http:\/\/elcensornoticias.com\/index.php?rest_route=%2Fwp%2Fv2%2Fmedia&parent=22248"}],"wp:term":[{"taxonomy":"category","embeddable":true,"href":"http:\/\/elcensornoticias.com\/index.php?rest_route=%2Fwp%2Fv2%2Fcategories&post=22248"},{"taxonomy":"post_tag","embeddable":true,"href":"http:\/\/elcensornoticias.com\/index.php?rest_route=%2Fwp%2Fv2%2Ftags&post=22248"}],"curies":[{"name":"wp","href":"https:\/\/api.w.org\/{rel}","templated":true}]}}