{"id":22153,"date":"2023-01-28T00:31:24","date_gmt":"2023-01-28T00:31:24","guid":{"rendered":"http:\/\/elcensornoticias.com\/?p=22153"},"modified":"2023-01-28T00:31:31","modified_gmt":"2023-01-28T00:31:31","slug":"aprueban-en-comisiones-unidas-que-municipios-implementen-agenda-2030","status":"publish","type":"post","link":"http:\/\/elcensornoticias.com\/?p=22153","title":{"rendered":"Aprueban en Comisiones Unidas que Municipios Implementen agenda 2030"},"content":{"rendered":"\n<p><em>Las comisiones de Puntos Constitucionales y la de Asuntos Municipales, aprobaron iniciativa para el Desarrollo Sostenible.<\/em><\/p>\n\n\n\n<p>Las comisiones unidas de Puntos Constitucionales Gobernaci\u00f3n y Justicia y Asuntos Pol\u00edticos y la de Asuntos Municipales que presiden los legisladores, Ever Alejandro Campech Avelar y M\u00f3nica S\u00e1nchez Angulo, respectivamente, aprobaron el dictamen por el que se reforman diversas disposiciones de la Ley Municipal del Estado de Tlaxcala.<\/p>\n\n\n\n<p>En sesi\u00f3n, las y los legisladores integrantes de ambas comisiones, aprobaron el dictamen correspondiente al expediente parlamentario que contiene la iniciativa presentada por el legislador Vicente Morales P\u00e9rez, ante el Pleno de esta Soberan\u00eda.<\/p>\n\n\n\n<p>Cabe recalcar que ambas comisiones, realizaron un an\u00e1lisis detallado de dicha iniciativa, la cual, tiene como objetivo principal, establecer entre las facultades y obligaciones de los Ayuntamientos, la creaci\u00f3n del Consejo Municipal para la implementaci\u00f3n de la agenda 2030.<\/p>\n\n\n\n<p>De igual manera, la iniciativa prev\u00e9 garantizar que las acciones municipales se basen en cinco ejes tem\u00e1ticos que atiendan las prioridades de los Objetivos de Desarrollo Sostenible (ODS), que contempla dicha agenda.&nbsp;<\/p>\n\n\n\n<p>Es as\u00ed, que el dictamen aprobado durante esta sesi\u00f3n, ser\u00e1 presentado ante el Pleno de esta Soberan\u00eda, para su aprobaci\u00f3n correspondiente.<\/p>\n","protected":false},"excerpt":{"rendered":"<p>Las comisiones de Puntos Constitucionales y la de Asuntos Municipales, aprobaron iniciativa para el Desarrollo Sostenible. Las comisiones unidas de Puntos Constitucionales Gobernaci\u00f3n y Justicia y Asuntos Pol\u00edticos y la de Asuntos Municipales que presiden los legisladores, Ever Alejandro Campech Avelar y M\u00f3nica S\u00e1nchez Angulo, respectivamente, aprobaron el dictamen por el que se reforman diversas [&hellip;]<\/p>\n","protected":false},"author":1,"featured_media":22154,"comment_status":"open","ping_status":"open","sticky":false,"template":"","format":"standard","meta":{"advanced_seo_description":"","jetpack_seo_html_title":"","jetpack_seo_noindex":false,"footnotes":"","jetpack_publicize_message":"","jetpack_is_tweetstorm":false,"jetpack_publicize_feature_enabled":true,"jetpack_social_post_already_shared":true,"jetpack_social_options":{"image_generator_settings":{"template":"highway","enabled":false}}},"categories":[27,2],"tags":[],"class_list":["post-22153","post","type-post","status-publish","format-standard","has-post-thumbnail","hentry","category-congreso","category-destacadas"],"jetpack_publicize_connections":[],"jetpack_featured_media_url":"http:\/\/elcensornoticias.com\/wp-content\/uploads\/2023\/01\/Comisiones-unidas-2-.jpeg","jetpack_likes_enabled":true,"jetpack_sharing_enabled":true,"jetpack_shortlink":"https:\/\/wp.me\/p6xy50-5Lj","_links":{"self":[{"href":"http:\/\/elcensornoticias.com\/index.php?rest_route=\/wp\/v2\/posts\/22153","targetHints":{"allow":["GET"]}}],"collection":[{"href":"http:\/\/elcensornoticias.com\/index.php?rest_route=\/wp\/v2\/posts"}],"about":[{"href":"http:\/\/elcensornoticias.com\/index.php?rest_route=\/wp\/v2\/types\/post"}],"author":[{"embeddable":true,"href":"http:\/\/elcensornoticias.com\/index.php?rest_route=\/wp\/v2\/users\/1"}],"replies":[{"embeddable":true,"href":"http:\/\/elcensornoticias.com\/index.php?rest_route=%2Fwp%2Fv2%2Fcomments&post=22153"}],"version-history":[{"count":1,"href":"http:\/\/elcensornoticias.com\/index.php?rest_route=\/wp\/v2\/posts\/22153\/revisions"}],"predecessor-version":[{"id":22155,"href":"http:\/\/elcensornoticias.com\/index.php?rest_route=\/wp\/v2\/posts\/22153\/revisions\/22155"}],"wp:featuredmedia":[{"embeddable":true,"href":"http:\/\/elcensornoticias.com\/index.php?rest_route=\/wp\/v2\/media\/22154"}],"wp:attachment":[{"href":"http:\/\/elcensornoticias.com\/index.php?rest_route=%2Fwp%2Fv2%2Fmedia&parent=22153"}],"wp:term":[{"taxonomy":"category","embeddable":true,"href":"http:\/\/elcensornoticias.com\/index.php?rest_route=%2Fwp%2Fv2%2Fcategories&post=22153"},{"taxonomy":"post_tag","embeddable":true,"href":"http:\/\/elcensornoticias.com\/index.php?rest_route=%2Fwp%2Fv2%2Ftags&post=22153"}],"curies":[{"name":"wp","href":"https:\/\/api.w.org\/{rel}","templated":true}]}}