{"id":22150,"date":"2023-01-28T00:29:39","date_gmt":"2023-01-28T00:29:39","guid":{"rendered":"http:\/\/elcensornoticias.com\/?p=22150"},"modified":"2023-01-28T00:29:40","modified_gmt":"2023-01-28T00:29:40","slug":"develan-carteles-del-serial-taurino-tlaxcala-capital-2023","status":"publish","type":"post","link":"http:\/\/elcensornoticias.com\/?p=22150","title":{"rendered":"Develan carteles del serial taurino Tlaxcala Capital 2023"},"content":{"rendered":"\n<p><em>\u2022 Una gran temporada de corridas se desarrolla en el coso m\u00e1s bonito de Am\u00e9rica Latina<\/em><\/p>\n\n\n\n<p>El presidente municipal de Tlaxcala, Jorge Corichi, y el director operativo de la empresa Feria Toro, Oth\u00f3n Ortega Salinas, develaron las combinaciones de lo que ser\u00e1 el resto del serial taurino que inicia este s\u00e1bado 28 de enero en la emblem\u00e1tica Plaza de Toros Jorge Aguilar, \u201cEl Ranchero\u201d.<\/p>\n\n\n\n<p>En esta gran temporada se contar\u00e1 con la presencia de grandes figuras de la tauromaquia mundial como el rejoneador Diego Ventura y el peruano Joaqu\u00edn Gald\u00f3s, j\u00f3venes promesas del toreo mexicano, como Leo Valadez y diestros consagrados como Ernesto Javier \u201cCalita\u201d, Arturo Sald\u00edvar y el tlaxcalteca Uriel Moreno \u201cEl Zapata\u201d.<\/p>\n\n\n\n<p>Contempla tambi\u00e9n a j\u00f3venes novilleros que han destacado en el \u00e1mbito nacional como es Rodrigo Ortiz y los noveles tlaxcaltecas Alberto Ortega y Jes\u00fas Sosa.<\/p>\n\n\n\n<p>Adem\u00e1s, tendr\u00e1 la participaci\u00f3n de tres ganader\u00edas tlaxcaltecas emblem\u00e1ticas como es la legendaria Piedras Negras, Zacatepec y De Haro.<\/p>\n\n\n\n<p>Las combinaciones dadas a conocer quedando de la siguiente forma:<\/p>\n\n\n\n<p>S\u00e1bado 18 de febrero, 16:30 horas. Corrida de Carnaval. Diego Ventura (Rejoneador) y a pie Ernesto Javier \u201cCalita\u201d y Leo Valadez, que lidiaran dos toros de Zacatepec para rejones y cuatro de Piedras Negras, para los de pie.<\/p>\n\n\n\n<p>S\u00e1bado 18 de marzo, 16:30 horas. Novillada. Alberto Ortega, Rodrigo Ortiz, y Jes\u00fas Sosa, con un encierro de De Haro.<\/p>\n\n\n\n<p>S\u00e1bado 8 de abril, 19:00 horas. Corrida de S\u00e1bado de Gloria. Uriel Moreno \u201cEl Zapata\u201d, Arturo Sald\u00edvar y Joaqu\u00edn Gald\u00f3s, que lidiar\u00e1n seis astados de De Haro.<\/p>\n\n\n\n<p>La venta de boletos iniciar\u00e1 en los pr\u00f3ximos d\u00edas, la cual ser\u00e1 a trav\u00e9s del sistema Boletea y en el Hotel San Francisco, en el Centro Hist\u00f3rico de Tlaxcala, con la promoci\u00f3n de que los ni\u00f1os menores de 12 a\u00f1os entran gratis en zona general.<\/p>\n","protected":false},"excerpt":{"rendered":"<p>\u2022 Una gran temporada de corridas se desarrolla en el coso m\u00e1s bonito de Am\u00e9rica Latina El presidente municipal de Tlaxcala, Jorge Corichi, y el director operativo de la empresa Feria Toro, Oth\u00f3n Ortega Salinas, develaron las combinaciones de lo que ser\u00e1 el resto del serial taurino que inicia este s\u00e1bado 28 de enero en [&hellip;]<\/p>\n","protected":false},"author":1,"featured_media":22151,"comment_status":"open","ping_status":"open","sticky":false,"template":"","format":"standard","meta":{"advanced_seo_description":"","jetpack_seo_html_title":"","jetpack_seo_noindex":false,"footnotes":"","jetpack_publicize_message":"","jetpack_is_tweetstorm":false,"jetpack_publicize_feature_enabled":true,"jetpack_social_post_already_shared":true,"jetpack_social_options":{"image_generator_settings":{"template":"highway","enabled":false}}},"categories":[2,10],"tags":[],"class_list":["post-22150","post","type-post","status-publish","format-standard","has-post-thumbnail","hentry","category-destacadas","category-municipios"],"jetpack_publicize_connections":[],"jetpack_featured_media_url":"http:\/\/elcensornoticias.com\/wp-content\/uploads\/2023\/01\/WhatsApp-Image-2023-01-27-at-8.25.28-AM-1.jpeg","jetpack_likes_enabled":true,"jetpack_sharing_enabled":true,"jetpack_shortlink":"https:\/\/wp.me\/p6xy50-5Lg","_links":{"self":[{"href":"http:\/\/elcensornoticias.com\/index.php?rest_route=\/wp\/v2\/posts\/22150","targetHints":{"allow":["GET"]}}],"collection":[{"href":"http:\/\/elcensornoticias.com\/index.php?rest_route=\/wp\/v2\/posts"}],"about":[{"href":"http:\/\/elcensornoticias.com\/index.php?rest_route=\/wp\/v2\/types\/post"}],"author":[{"embeddable":true,"href":"http:\/\/elcensornoticias.com\/index.php?rest_route=\/wp\/v2\/users\/1"}],"replies":[{"embeddable":true,"href":"http:\/\/elcensornoticias.com\/index.php?rest_route=%2Fwp%2Fv2%2Fcomments&post=22150"}],"version-history":[{"count":1,"href":"http:\/\/elcensornoticias.com\/index.php?rest_route=\/wp\/v2\/posts\/22150\/revisions"}],"predecessor-version":[{"id":22152,"href":"http:\/\/elcensornoticias.com\/index.php?rest_route=\/wp\/v2\/posts\/22150\/revisions\/22152"}],"wp:featuredmedia":[{"embeddable":true,"href":"http:\/\/elcensornoticias.com\/index.php?rest_route=\/wp\/v2\/media\/22151"}],"wp:attachment":[{"href":"http:\/\/elcensornoticias.com\/index.php?rest_route=%2Fwp%2Fv2%2Fmedia&parent=22150"}],"wp:term":[{"taxonomy":"category","embeddable":true,"href":"http:\/\/elcensornoticias.com\/index.php?rest_route=%2Fwp%2Fv2%2Fcategories&post=22150"},{"taxonomy":"post_tag","embeddable":true,"href":"http:\/\/elcensornoticias.com\/index.php?rest_route=%2Fwp%2Fv2%2Ftags&post=22150"}],"curies":[{"name":"wp","href":"https:\/\/api.w.org\/{rel}","templated":true}]}}