{"id":22145,"date":"2023-01-27T00:53:50","date_gmt":"2023-01-27T00:53:50","guid":{"rendered":"http:\/\/elcensornoticias.com\/?p=22145"},"modified":"2023-01-27T00:53:54","modified_gmt":"2023-01-27T00:53:54","slug":"aseguro-ssc-a-presunto-responsable-de-portacion-de-arma-de-fuego-en-apizaco","status":"publish","type":"post","link":"http:\/\/elcensornoticias.com\/?p=22145","title":{"rendered":"ASEGUR\u00d3 SSC A PRESUNTO RESPONSABLE DE PORTACI\u00d3N DE ARMA DE FUEGO EN APIZACO"},"content":{"rendered":"\n<p>El sujeto portaba un arma de fuego de fabricaci\u00f3n artesanal; as\u00ed como dos cartuchos \u00fatiles&nbsp;<\/p>\n\n\n\n<p>Con el objetivo de salvaguardar la integridad y derechos humanos de las personas, a trav\u00e9s de la prevenci\u00f3n y combate de actos delictivos; la Secretar\u00eda de Seguridad Ciudadana (SSC), asegur\u00f3 a una persona por su presunta responsabilidad en la posesi\u00f3n y portaci\u00f3n de un arma de fuego y dos cartuchos \u00fatiles en Apizaco.&nbsp;<\/p>\n\n\n\n<p>Personal de la Direcci\u00f3n de Seguridad, durante acciones de patrullaje preventivo cuando fueron abordados por una persona, la cual refiri\u00f3 que un masculino circulaba de manera sospechosa sobre calle \u00c1ngel Solana, primera secci\u00f3n, San Luis Apizaquito, por lo que procedieron a darle alcance para indagar la situaci\u00f3n.&nbsp;<\/p>\n\n\n\n<p>Es as\u00ed que localizaron a la persona con la descripci\u00f3n previa, y al realizarle una inspecci\u00f3n de preventiva, se le encontr\u00f3 entre sus pertenencias un arma de fuego de fabricaci\u00f3n artesanal calibre .22 y dos cartuchos \u00fatiles.&nbsp;<\/p>\n\n\n\n<p>Tras no acreditar de forma leg\u00edtima la procedencia y posesi\u00f3n del arma de fuego, la persona identificada como Jos\u00e9 N., de 22 a\u00f1os de edad, fue asegurado y puesto a disposici\u00f3n ante la representaci\u00f3n social competente, a efecto de prevenir alg\u00fan accidente o hecho delictivo.&nbsp;<\/p>\n\n\n\n<p>La SSC reitera el firme compromiso de velar por la seguridad de la poblaci\u00f3n tlaxcalteca y continua con las acciones preventivas y de combate de la delincuencia.&nbsp;<\/p>\n","protected":false},"excerpt":{"rendered":"<p>El sujeto portaba un arma de fuego de fabricaci\u00f3n artesanal; as\u00ed como dos cartuchos \u00fatiles&nbsp; Con el objetivo de salvaguardar la integridad y derechos humanos de las personas, a trav\u00e9s de la prevenci\u00f3n y combate de actos delictivos; la Secretar\u00eda de Seguridad Ciudadana (SSC), asegur\u00f3 a una persona por su presunta responsabilidad en la posesi\u00f3n [&hellip;]<\/p>\n","protected":false},"author":1,"featured_media":22146,"comment_status":"open","ping_status":"open","sticky":false,"template":"","format":"standard","meta":{"advanced_seo_description":"","jetpack_seo_html_title":"","jetpack_seo_noindex":false,"footnotes":"","jetpack_publicize_message":"","jetpack_is_tweetstorm":false,"jetpack_publicize_feature_enabled":true,"jetpack_social_post_already_shared":true,"jetpack_social_options":{"image_generator_settings":{"template":"highway","enabled":false}}},"categories":[10,9],"tags":[],"class_list":["post-22145","post","type-post","status-publish","format-standard","has-post-thumbnail","hentry","category-municipios","category-seguridad"],"jetpack_publicize_connections":[],"jetpack_featured_media_url":"http:\/\/elcensornoticias.com\/wp-content\/uploads\/2023\/01\/WhatsApp-Image-2023-01-26-at-18.12.13.jpeg","jetpack_likes_enabled":true,"jetpack_sharing_enabled":true,"jetpack_shortlink":"https:\/\/wp.me\/p6xy50-5Lb","_links":{"self":[{"href":"http:\/\/elcensornoticias.com\/index.php?rest_route=\/wp\/v2\/posts\/22145","targetHints":{"allow":["GET"]}}],"collection":[{"href":"http:\/\/elcensornoticias.com\/index.php?rest_route=\/wp\/v2\/posts"}],"about":[{"href":"http:\/\/elcensornoticias.com\/index.php?rest_route=\/wp\/v2\/types\/post"}],"author":[{"embeddable":true,"href":"http:\/\/elcensornoticias.com\/index.php?rest_route=\/wp\/v2\/users\/1"}],"replies":[{"embeddable":true,"href":"http:\/\/elcensornoticias.com\/index.php?rest_route=%2Fwp%2Fv2%2Fcomments&post=22145"}],"version-history":[{"count":1,"href":"http:\/\/elcensornoticias.com\/index.php?rest_route=\/wp\/v2\/posts\/22145\/revisions"}],"predecessor-version":[{"id":22147,"href":"http:\/\/elcensornoticias.com\/index.php?rest_route=\/wp\/v2\/posts\/22145\/revisions\/22147"}],"wp:featuredmedia":[{"embeddable":true,"href":"http:\/\/elcensornoticias.com\/index.php?rest_route=\/wp\/v2\/media\/22146"}],"wp:attachment":[{"href":"http:\/\/elcensornoticias.com\/index.php?rest_route=%2Fwp%2Fv2%2Fmedia&parent=22145"}],"wp:term":[{"taxonomy":"category","embeddable":true,"href":"http:\/\/elcensornoticias.com\/index.php?rest_route=%2Fwp%2Fv2%2Fcategories&post=22145"},{"taxonomy":"post_tag","embeddable":true,"href":"http:\/\/elcensornoticias.com\/index.php?rest_route=%2Fwp%2Fv2%2Ftags&post=22145"}],"curies":[{"name":"wp","href":"https:\/\/api.w.org\/{rel}","templated":true}]}}