{"id":22129,"date":"2023-01-27T00:44:14","date_gmt":"2023-01-27T00:44:14","guid":{"rendered":"http:\/\/elcensornoticias.com\/?p=22129"},"modified":"2023-01-27T00:44:18","modified_gmt":"2023-01-27T00:44:18","slug":"la-colmena-y-cecyte-emsad-de-tlaxcala-firman-carta-de-colaboracion-para-realizar-trabajos-en-conjunto","status":"publish","type":"post","link":"http:\/\/elcensornoticias.com\/?p=22129","title":{"rendered":"La Colmena y CECyTE-EMSaD de Tlaxcala firman carta de colaboraci\u00f3n para realizar trabajos en conjunto"},"content":{"rendered":"\n<ul class=\"wp-block-list\"><li><strong>Las y los estudiantes del Colegio de Estudios Cient\u00edficos y Tecnol\u00f3gicos del Estado y Centros de Educaci\u00f3n Media Superior a Distancia podr\u00e1n impulsar su creatividad e impulsar la innovaci\u00f3n<\/strong><strong>&nbsp;<\/strong><\/li><\/ul>\n\n\n\n<p><strong><\/strong><\/p>\n\n\n\n<p>La Colmena: Centro de Tecnolog\u00edas Creativas Grace Quintanilla, instituci\u00f3n de la Secretar\u00eda de Cultura del Gobierno de M\u00e9xico, y&nbsp;el Colegio de Estudios Cient\u00edficos y Tecnol\u00f3gicos del Estado y Centros de Educaci\u00f3n Media Superior a Distancia (CECyTE-EMSaD), de Tlaxcala, firmaron una carta de colaboraci\u00f3n para efectuar acciones culturales y tecnol\u00f3gicas en conjunto durante este 2023.&nbsp;<\/p>\n\n\n\n<p>El acuerdo, que se llev\u00f3 a cabo dentro de las instalaciones de la direcci\u00f3n general del CECyTE-EMSaD, tiene el objetivo de fortalecer v\u00ednculos interinstitucionales, as\u00ed como garantizar que las y los estudiantes puedan incentivar el uso creativo y responsable de las tecnolog\u00edas, bajo un eje incluyente y colaborativo mediante charlas, talleres y programas de radio.&nbsp;&nbsp;<\/p>\n\n\n\n<p>El coordinador general de La Colmena, Abel Ben\u00edtez Figueroa, acompa\u00f1ado del director general de CECyTE-EMSAD, Norberto Cervantes Contreras, afirm\u00f3 que, para este a\u00f1o 2023 se proyecta que la colaboraci\u00f3n permita que las y los estudiantes puedan realizar su Servicio Social y Pr\u00e1cticas profesionales en las instalaciones de La Colmena. Adem\u00e1s, se llevar\u00e1n a cabo charlas dirigidas a docentes dentro de la semana STEAM, se desarrollar\u00e1n alrededor de 16 talleres y tres programas de radio en diferentes sedes, entre otras acciones.&nbsp;&nbsp;<\/p>\n\n\n\n<p>Esto, luego de que, en 2022, la colaboraci\u00f3n interinstitucional tuvo m\u00faltiples resultados, entre ellos: la asesor\u00eda del proyecto ganador del tercer lugar de HACKATHON 2022, los Veranos STEAM, en los que se capacitaron a 40 docentes, y la visita a m\u00e1s de 10 planteles EMSaD dentro del estado de Tlaxcala.&nbsp;&nbsp;&nbsp;<\/p>\n\n\n\n<p>Adem\u00e1s, se form\u00f3 parte de los Circuitos de Ciencia y Tecnolog\u00eda, se llevaron a cabo visitas guiadas a la exposici\u00f3n \u201cLa Venganza de la Basura\u201d y se logr\u00f3 la colaboraci\u00f3n entre estudiantes y el Centro de Cultura Digital para realizar&nbsp;<em>Conductos<\/em>, una pieza monumental que estuvo expuesta durante el 50 Festival Internacional Cervantino, en Guanajuato.&nbsp;<\/p>\n\n\n\n<p>Ben\u00edtez Figueroa agradeci\u00f3 al director general,&nbsp;Norberto Cervantes Contreras, por el apoyo, la apertura y la disponibilidad para hacer posible esta suma de esfuerzos en beneficio de las y los estudiantes interesados en la ciencia, el arte y la tecnolog\u00eda.&nbsp;&nbsp;&nbsp;<\/p>\n\n\n\n<p>Por otro lado,&nbsp;Cervantes Contreras extern\u00f3 su total apoyo para que, al igual que las abejas, se pueda hacer comunidad como sea hace una colmena, a trav\u00e9s de este acuerdo interinstitucional, para que las y los estudiantes sean quienes depositen su polen.&nbsp;&nbsp;<\/p>\n\n\n\n<p>Cabe mencionar que el Colegio de Estudios Cient\u00edficos y Tecnol\u00f3gicos del Estado y Centros de Educaci\u00f3n Media Superior a Distancia es una instituci\u00f3n educativa de nivel medio superior cuya oferta formativa tiene como base la ense\u00f1anza de la ciencia y la tecnolog\u00eda que busca fomentar la innovaci\u00f3n y emprendimiento entre sus estudiantes.&nbsp;<\/p>\n\n\n\n<p>Como parte de esta colaboraci\u00f3n, tambi\u00e9n se llevar\u00e1n a cabo importantes eventos que buscan involucrar al alumnado para que, mediante su creatividad y colaboraci\u00f3n, se fomenten acciones que exploren su creatividad y puedan encontrar consonancias en los espacios que ofrece la Secretar\u00eda de Cultura federal, a trav\u00e9s de la Colmena, con el objetivo de dar a conocer su talento y capacidad, entre otras acciones.&nbsp;&nbsp;<\/p>\n","protected":false},"excerpt":{"rendered":"<p>Las y los estudiantes del Colegio de Estudios Cient\u00edficos y Tecnol\u00f3gicos del Estado y Centros de Educaci\u00f3n Media Superior a Distancia podr\u00e1n impulsar su creatividad e impulsar la innovaci\u00f3n&nbsp; La Colmena: Centro de Tecnolog\u00edas Creativas Grace Quintanilla, instituci\u00f3n de la Secretar\u00eda de Cultura del Gobierno de M\u00e9xico, y&nbsp;el Colegio de Estudios Cient\u00edficos y Tecnol\u00f3gicos del [&hellip;]<\/p>\n","protected":false},"author":1,"featured_media":22130,"comment_status":"open","ping_status":"open","sticky":false,"template":"","format":"standard","meta":{"advanced_seo_description":"","jetpack_seo_html_title":"","jetpack_seo_noindex":false,"footnotes":"","jetpack_publicize_message":"","jetpack_is_tweetstorm":false,"jetpack_publicize_feature_enabled":true,"jetpack_social_post_already_shared":true,"jetpack_social_options":{"image_generator_settings":{"template":"highway","enabled":false}}},"categories":[26,28],"tags":[],"class_list":["post-22129","post","type-post","status-publish","format-standard","has-post-thumbnail","hentry","category-cultura","category-educacion"],"jetpack_publicize_connections":[],"jetpack_featured_media_url":"http:\/\/elcensornoticias.com\/wp-content\/uploads\/2023\/01\/imagen2.jpeg","jetpack_likes_enabled":true,"jetpack_sharing_enabled":true,"jetpack_shortlink":"https:\/\/wp.me\/p6xy50-5KV","_links":{"self":[{"href":"http:\/\/elcensornoticias.com\/index.php?rest_route=\/wp\/v2\/posts\/22129","targetHints":{"allow":["GET"]}}],"collection":[{"href":"http:\/\/elcensornoticias.com\/index.php?rest_route=\/wp\/v2\/posts"}],"about":[{"href":"http:\/\/elcensornoticias.com\/index.php?rest_route=\/wp\/v2\/types\/post"}],"author":[{"embeddable":true,"href":"http:\/\/elcensornoticias.com\/index.php?rest_route=\/wp\/v2\/users\/1"}],"replies":[{"embeddable":true,"href":"http:\/\/elcensornoticias.com\/index.php?rest_route=%2Fwp%2Fv2%2Fcomments&post=22129"}],"version-history":[{"count":1,"href":"http:\/\/elcensornoticias.com\/index.php?rest_route=\/wp\/v2\/posts\/22129\/revisions"}],"predecessor-version":[{"id":22131,"href":"http:\/\/elcensornoticias.com\/index.php?rest_route=\/wp\/v2\/posts\/22129\/revisions\/22131"}],"wp:featuredmedia":[{"embeddable":true,"href":"http:\/\/elcensornoticias.com\/index.php?rest_route=\/wp\/v2\/media\/22130"}],"wp:attachment":[{"href":"http:\/\/elcensornoticias.com\/index.php?rest_route=%2Fwp%2Fv2%2Fmedia&parent=22129"}],"wp:term":[{"taxonomy":"category","embeddable":true,"href":"http:\/\/elcensornoticias.com\/index.php?rest_route=%2Fwp%2Fv2%2Fcategories&post=22129"},{"taxonomy":"post_tag","embeddable":true,"href":"http:\/\/elcensornoticias.com\/index.php?rest_route=%2Fwp%2Fv2%2Ftags&post=22129"}],"curies":[{"name":"wp","href":"https:\/\/api.w.org\/{rel}","templated":true}]}}