{"id":22084,"date":"2023-01-27T00:05:28","date_gmt":"2023-01-27T00:05:28","guid":{"rendered":"http:\/\/elcensornoticias.com\/?p=22084"},"modified":"2023-01-27T00:05:38","modified_gmt":"2023-01-27T00:05:38","slug":"ley-de-archivos-del-estado-sera-vanguardista-ruben-teran-aguila","status":"publish","type":"post","link":"http:\/\/elcensornoticias.com\/?p=22084","title":{"rendered":"Ley de Archivos del Estado, ser\u00e1 vanguardista: Rub\u00e9n Ter\u00e1n \u00c1guila"},"content":{"rendered":"\n<p><em>Se presentaron diversas modificaciones para armonizar la Ley de Archivos.<\/em><\/p>\n\n\n\n<p>El legislador Rub\u00e9n Ter\u00e1n \u00c1guila, integrante del grupo parlamentario de MORENA, de la LXIV legislatura del Congreso del Estado, present\u00f3 ante el Pleno de esta Soberan\u00eda, la iniciativa con proyecto de decreto, por el que se reforman, adicionan y derogan diversas disposiciones de la Ley de Archivos del Estado de Tlaxcala.<\/p>\n\n\n\n<p>En la m\u00e1xima tribuna tlaxcalteca, el congresista recalc\u00f3 que, \u201ces menester que el Poder Legislativo dote de herramientas jur\u00eddicas a las instituciones y autoridades que est\u00e9n a cargo de la conservaci\u00f3n, mantenimiento, difusi\u00f3n, protecci\u00f3n de datos y m\u00e1xima publicaci\u00f3n, como son todos aquellos documentos cuyo contenido sea de car\u00e1cter p\u00fablico\u201d.<\/p>\n\n\n\n<p>En ese sentido reconoci\u00f3 la urgencia de armonizar la Ley de Archivos del Estado de Tlaxcala vigente, con la Ley General de Archivos Federal y tratados de car\u00e1cter internacional de los que M\u00e9xico es parte, a fin de que \u00e9sta fije vanguardia, considere el reconocimiento pleno del derecho al acceso a la informaci\u00f3n p\u00fablica y que permita un mejor desempe\u00f1o en materia de archivos.<\/p>\n\n\n\n<p>De aprobarse dicha iniciativa, la Ley de Archivos del Estado de Tlaxcala, privilegiar\u00e1 el respeto irrestricto de los derechos humanos y favorecer\u00e1 todo el tiempo la protecci\u00f3n m\u00e1s amplia de personas, transparencia la rendici\u00f3n de cuentas y el inter\u00e9s p\u00fablico.<\/p>\n\n\n\n<p>De igual manera, se contempla la obligatoriedad de inscribir la existencia y ubicaci\u00f3n de los archivos bajo el resguardo de cada uno de los sujetos obligados, en el Registro Nacional, cuya informaci\u00f3n deber\u00e1 ser actualizada de manera anual, conforme a las disposiciones del Consejo Nacional.<\/p>\n\n\n\n<p>Dentro de las modificaciones, Ter\u00e1n \u00c1guila, propuso que al Comit\u00e9 Estatal de Archivos, se sumen como integrantes, el titular de la Secretar\u00eda de la Funci\u00f3n P\u00fablica y un representante del Consejo T\u00e9cnico y Cient\u00edfico Archiv\u00edstico, al igual que el Archivo General e Hist\u00f3rico del Estado, cuente con un \u00d3rgano de Gobierno, una Direcci\u00f3n General, un \u00d3rgano de Vigilancia, un Consejo T\u00e9cnico y Cient\u00edfico Archiv\u00edstico, adem\u00e1s de su estructura administrativa general, a fin de que cumplan con sus objetivos.<\/p>\n\n\n\n<p>Con el firme compromiso de mantener la vigencia de las leyes, el correcto funcionamiento y sobre todo garantizar el respeto de los derechos humanos de las y los tlaxcaltecas, tambi\u00e9n se establece la forma en que se realizar\u00e1n los procesos de designaci\u00f3n de cada uno de los titulares de estas \u00e1reas.<\/p>\n\n\n\n<p>Esta iniciativa fue turnada a las comisiones unidas de Puntos Constitucionales, Gobernaci\u00f3n y Justicia y Asuntos Pol\u00edticos y la de Informaci\u00f3n P\u00fablica y Protecci\u00f3n de Datos Personales, para su an\u00e1lisis y dictamen correspondiente.&nbsp;<\/p>\n","protected":false},"excerpt":{"rendered":"<p>Se presentaron diversas modificaciones para armonizar la Ley de Archivos. El legislador Rub\u00e9n Ter\u00e1n \u00c1guila, integrante del grupo parlamentario de MORENA, de la LXIV legislatura del Congreso del Estado, present\u00f3 ante el Pleno de esta Soberan\u00eda, la iniciativa con proyecto de decreto, por el que se reforman, adicionan y derogan diversas disposiciones de la Ley [&hellip;]<\/p>\n","protected":false},"author":1,"featured_media":22085,"comment_status":"open","ping_status":"open","sticky":false,"template":"","format":"standard","meta":{"advanced_seo_description":"","jetpack_seo_html_title":"","jetpack_seo_noindex":false,"footnotes":"","jetpack_publicize_message":"","jetpack_is_tweetstorm":false,"jetpack_publicize_feature_enabled":true,"jetpack_social_post_already_shared":true,"jetpack_social_options":{"image_generator_settings":{"template":"highway","enabled":false}}},"categories":[27,2],"tags":[],"class_list":["post-22084","post","type-post","status-publish","format-standard","has-post-thumbnail","hentry","category-congreso","category-destacadas"],"jetpack_publicize_connections":[],"jetpack_featured_media_url":"http:\/\/elcensornoticias.com\/wp-content\/uploads\/2023\/01\/Dip.-Ruben-Teran-3.jpeg","jetpack_likes_enabled":true,"jetpack_sharing_enabled":true,"jetpack_shortlink":"https:\/\/wp.me\/p6xy50-5Kc","_links":{"self":[{"href":"http:\/\/elcensornoticias.com\/index.php?rest_route=\/wp\/v2\/posts\/22084","targetHints":{"allow":["GET"]}}],"collection":[{"href":"http:\/\/elcensornoticias.com\/index.php?rest_route=\/wp\/v2\/posts"}],"about":[{"href":"http:\/\/elcensornoticias.com\/index.php?rest_route=\/wp\/v2\/types\/post"}],"author":[{"embeddable":true,"href":"http:\/\/elcensornoticias.com\/index.php?rest_route=\/wp\/v2\/users\/1"}],"replies":[{"embeddable":true,"href":"http:\/\/elcensornoticias.com\/index.php?rest_route=%2Fwp%2Fv2%2Fcomments&post=22084"}],"version-history":[{"count":1,"href":"http:\/\/elcensornoticias.com\/index.php?rest_route=\/wp\/v2\/posts\/22084\/revisions"}],"predecessor-version":[{"id":22086,"href":"http:\/\/elcensornoticias.com\/index.php?rest_route=\/wp\/v2\/posts\/22084\/revisions\/22086"}],"wp:featuredmedia":[{"embeddable":true,"href":"http:\/\/elcensornoticias.com\/index.php?rest_route=\/wp\/v2\/media\/22085"}],"wp:attachment":[{"href":"http:\/\/elcensornoticias.com\/index.php?rest_route=%2Fwp%2Fv2%2Fmedia&parent=22084"}],"wp:term":[{"taxonomy":"category","embeddable":true,"href":"http:\/\/elcensornoticias.com\/index.php?rest_route=%2Fwp%2Fv2%2Fcategories&post=22084"},{"taxonomy":"post_tag","embeddable":true,"href":"http:\/\/elcensornoticias.com\/index.php?rest_route=%2Fwp%2Fv2%2Ftags&post=22084"}],"curies":[{"name":"wp","href":"https:\/\/api.w.org\/{rel}","templated":true}]}}