{"id":22043,"date":"2023-01-26T01:18:00","date_gmt":"2023-01-26T01:18:00","guid":{"rendered":"http:\/\/elcensornoticias.com\/?p=22043"},"modified":"2023-01-26T01:18:04","modified_gmt":"2023-01-26T01:18:04","slug":"radio-educacion-firma-convenio-de-colaboracion-con-el-sistema-estatal-de-telecomunicaciones-de-puebla","status":"publish","type":"post","link":"http:\/\/elcensornoticias.com\/?p=22043","title":{"rendered":"Radio Educaci\u00f3n firma convenio de colaboraci\u00f3n con el Sistema Estatal de Telecomunicaciones de Puebla"},"content":{"rendered":"\n<p><strong>Las instituciones unir\u00e1n esfuerzos en favor de una mayor difusi\u00f3n de la riqueza cultural del pa\u00eds<\/strong><\/p>\n\n\n\n<p>Radio Educaci\u00f3n, instituci\u00f3n de la Secretar\u00eda de Cultura del Gobierno de M\u00e9xico, firm\u00f3 un convenio marco de colaboraci\u00f3n con el Sistema Estatal de Telecomunicaciones de Puebla (SET).<\/p>\n\n\n\n<p>La emisora p\u00fablica, que se acerca a su centenario de creaci\u00f3n, ha iniciado el 2023 generando m\u00e1s sinergias para poner en pr\u00e1ctica estrategias y actividades en materia de dotaci\u00f3n, transmisi\u00f3n, producci\u00f3n y promoci\u00f3n de contenidos culturales y educativos, sin fines de lucro para todo el pa\u00eds.<\/p>\n\n\n\n<p>Al respecto, el director general de Radio Educaci\u00f3n, Jes\u00fas Alejo Santiago, precis\u00f3 que \u201ceste convenio de colaboraci\u00f3n permite ensanchar las posibilidades de los contenidos, acercarnos y preocuparnos por las audiencias, escuchar a los radioescuchas; sin duda se va a fortalecer el intercambio con Puebla\u201d.<\/p>\n\n\n\n<p>En su participaci\u00f3n, el director general del SET, Fernando Luis S\u00e1nchez Mejorada y Rojas, mencion\u00f3: \u201cEn Radio Educaci\u00f3n fueron precursores en temas de la diversidad, de la mujer. Son unos de los sistemas p\u00fablicos m\u00e1s importantes. Han ido configurando todo el espectro de lo p\u00fablico, cuando no se discut\u00edan muchas cosas. Una de las funciones de los medios p\u00fablicos es ense\u00f1ar, compartir. Este convenio permitir\u00e1 crecer m\u00e1s los medios p\u00fablicos\u201d.<\/p>\n\n\n\n<p>El SET es un Organismo P\u00fablico Descentralizado encargado de promover la difusi\u00f3n de contenidos educativos, econ\u00f3micos, sociales y culturales para las y los habitantes del estado de Puebla, mediante una programaci\u00f3n radiof\u00f3nica y televisiva, que estimule la participaci\u00f3n de la poblaci\u00f3n.<\/p>\n\n\n\n<p>En 2022, Radio Educaci\u00f3n comparti\u00f3 con el SET m\u00e1s de 600 contenidos, tanto de series para ni\u00f1as, ni\u00f1os y adolescentes, como t\u00edtulos de la colecci\u00f3n de audiolibros como:&nbsp;<em>Soledad, La muerte tiene permiso, Foro especial de son jarocho, Cimarr\u00f3n, An\u00f3nimo, Breve Antolog\u00eda Pita Amor, Los cuentos que me ley\u00f3 mi madre, Cuentos mayas, El solitario Atl\u00e1ntico, Elsinore, un cuaderno; Cuentos sentimentales,&nbsp;<\/em>y&nbsp;<em>Tenemos tarea<\/em>.<\/p>\n\n\n\n<p>Cabe mencionar que S\u00e1nchez Mejorada y Rojas tambi\u00e9n funge como presidente de La Red de Radiodifusoras y Televisoras Educativas y Culturales de M\u00e9xico (La Red M\u00e9xico), por lo que esta vinculaci\u00f3n tambi\u00e9n fortalecer\u00e1 la relaci\u00f3n con los medios p\u00fablicos del pa\u00eds.<\/p>\n\n\n\n<p>Con esta colaboraci\u00f3n institucional la radio cultural de M\u00e9xico impulsa la producci\u00f3n radiof\u00f3nica de calidad para llevar la cultura a una poblaci\u00f3n cada vez m\u00e1s amplia, fomentando la diversidad y la participaci\u00f3n ciudadana, como marcan los ejes de trabajo de la Secretar\u00eda de Cultura del Gobierno de M\u00e9xico.<\/p>\n\n\n\n<p>Radio Educaci\u00f3n transmite en la Ciudad de M\u00e9xico en el 1060 AM y 96.5 FM; Se\u00f1al Cultura Sonora en el 104.3 FM, en Hermosillo; en M\u00e9rida, Yucat\u00e1n, en Se\u00f1al Kukulk\u00e1n en el 107.9 FM; en Cultura M\u00e9xico Se\u00f1al Internacional (6185 de Onda Corta por la banda Internacional de los 49 metros), y para todo el mundo, a trav\u00e9s de redes sociales, en la aplicaci\u00f3n para smartphones, disponible para iOS y Android, y en&nbsp;<a href=\"http:\/\/www.radioeducacion.edu.mx\/\" target=\"_blank\" rel=\"noreferrer noopener\">www.radioeducacion.edu.mx<\/a><\/p>\n","protected":false},"excerpt":{"rendered":"<p>Las instituciones unir\u00e1n esfuerzos en favor de una mayor difusi\u00f3n de la riqueza cultural del pa\u00eds Radio Educaci\u00f3n, instituci\u00f3n de la Secretar\u00eda de Cultura del Gobierno de M\u00e9xico, firm\u00f3 un convenio marco de colaboraci\u00f3n con el Sistema Estatal de Telecomunicaciones de Puebla (SET). La emisora p\u00fablica, que se acerca a su centenario de creaci\u00f3n, ha [&hellip;]<\/p>\n","protected":false},"author":1,"featured_media":22044,"comment_status":"open","ping_status":"open","sticky":false,"template":"","format":"standard","meta":{"advanced_seo_description":"","jetpack_seo_html_title":"","jetpack_seo_noindex":false,"footnotes":"","jetpack_publicize_message":"","jetpack_is_tweetstorm":false,"jetpack_publicize_feature_enabled":true,"jetpack_social_post_already_shared":true,"jetpack_social_options":{"image_generator_settings":{"template":"highway","enabled":false}}},"categories":[2,28],"tags":[],"class_list":["post-22043","post","type-post","status-publish","format-standard","has-post-thumbnail","hentry","category-destacadas","category-educacion"],"jetpack_publicize_connections":[],"jetpack_featured_media_url":"http:\/\/elcensornoticias.com\/wp-content\/uploads\/2023\/01\/Firma-de-convenio.-Foto.-Radio-Educacion-2.jpeg","jetpack_likes_enabled":true,"jetpack_sharing_enabled":true,"jetpack_shortlink":"https:\/\/wp.me\/p6xy50-5Jx","_links":{"self":[{"href":"http:\/\/elcensornoticias.com\/index.php?rest_route=\/wp\/v2\/posts\/22043","targetHints":{"allow":["GET"]}}],"collection":[{"href":"http:\/\/elcensornoticias.com\/index.php?rest_route=\/wp\/v2\/posts"}],"about":[{"href":"http:\/\/elcensornoticias.com\/index.php?rest_route=\/wp\/v2\/types\/post"}],"author":[{"embeddable":true,"href":"http:\/\/elcensornoticias.com\/index.php?rest_route=\/wp\/v2\/users\/1"}],"replies":[{"embeddable":true,"href":"http:\/\/elcensornoticias.com\/index.php?rest_route=%2Fwp%2Fv2%2Fcomments&post=22043"}],"version-history":[{"count":1,"href":"http:\/\/elcensornoticias.com\/index.php?rest_route=\/wp\/v2\/posts\/22043\/revisions"}],"predecessor-version":[{"id":22045,"href":"http:\/\/elcensornoticias.com\/index.php?rest_route=\/wp\/v2\/posts\/22043\/revisions\/22045"}],"wp:featuredmedia":[{"embeddable":true,"href":"http:\/\/elcensornoticias.com\/index.php?rest_route=\/wp\/v2\/media\/22044"}],"wp:attachment":[{"href":"http:\/\/elcensornoticias.com\/index.php?rest_route=%2Fwp%2Fv2%2Fmedia&parent=22043"}],"wp:term":[{"taxonomy":"category","embeddable":true,"href":"http:\/\/elcensornoticias.com\/index.php?rest_route=%2Fwp%2Fv2%2Fcategories&post=22043"},{"taxonomy":"post_tag","embeddable":true,"href":"http:\/\/elcensornoticias.com\/index.php?rest_route=%2Fwp%2Fv2%2Ftags&post=22043"}],"curies":[{"name":"wp","href":"https:\/\/api.w.org\/{rel}","templated":true}]}}