{"id":22013,"date":"2023-01-26T00:56:33","date_gmt":"2023-01-26T00:56:33","guid":{"rendered":"http:\/\/elcensornoticias.com\/?p=22013"},"modified":"2023-01-26T00:56:38","modified_gmt":"2023-01-26T00:56:38","slug":"el-centro-de-cultura-ambiental-exhibe-los-ultimos-hallazgos-arqueologicos-en-el-bosque-de-chapultepec","status":"publish","type":"post","link":"http:\/\/elcensornoticias.com\/?p=22013","title":{"rendered":"El Centro de Cultura Ambiental exhibe los \u00faltimos hallazgos arqueol\u00f3gicos en el Bosque de Chapultepec"},"content":{"rendered":"\n<ul class=\"wp-block-list\"><li><strong>Se incluye cer\u00e1mica, l\u00edtica y figurillas de m\u00e1s de 3,000 a\u00f1os, y una olla del Poscl\u00e1sico Tard\u00edo que conten\u00eda el entierro de una figurilla femenina<\/strong><\/li><li><strong>Tambi\u00e9n resaltan contextos industriales de inicios del siglo XX, relacionados con las f\u00e1bricas nacionales de Cartuchos y de Vidrio, en la Segunda Secci\u00f3n<\/strong><\/li><\/ul>\n\n\n\n<p>Como parte del proyecto prioritario Chapultepec Naturaleza y Cultura, impulsado por el Gobierno de M\u00e9xico, a trav\u00e9s de la Secretar\u00eda de Cultura federal y el Gobierno de la Ciudad de M\u00e9xico, el Centro de Cultura Ambiental (CCA), pabell\u00f3n dedicado a la divulgaci\u00f3n de la cultura ambiental y la riqueza natural del pa\u00eds, inicia actividades con la exposici\u00f3n \u201cEl Bosque de Chapultepec, coraz\u00f3n vivo de M\u00e9xico\u201d que, entre otros aspectos, expone su relevancia como espacio de tradici\u00f3n, culto y memoria, sitio de primeros asentamientos prehisp\u00e1nicos y de veneraci\u00f3n al agua.<\/p>\n\n\n\n<p>Dentro de la muestra, el m\u00f3dulo titulado \u201cChapultepec. Cerro de manantiales\u201d recupera los \u00faltimos descubrimientos reportados en el sitio por el Instituto Nacional de Antropolog\u00eda e Historia (INAH), incluidos los hallazgos derivados del salvamento arqueol\u00f3gico que acompa\u00f1\u00f3 la creaci\u00f3n del CCA.<\/p>\n\n\n\n<p>Para la curadora de este m\u00f3dulo e investigadora del INAH, Mar\u00eda de Lourdes L\u00f3pez Camacho, es una oportunidad para compartir, en un lenguaje did\u00e1ctico, los factores que propiciaron el desarrollo humano en esta \u00e1rea hace m\u00e1s de 3,000 a\u00f1os, misma que ha sido escenario de sucesos hist\u00f3ricos que han definido el rostro no solo de la capital, sino de la naci\u00f3n.<\/p>\n\n\n\n<p>As\u00ed, las y los visitantes acceden a las \u00faltimas investigaciones arqueol\u00f3gicas en este bosque urbano, incluido un contexto al norte del CCA. En una peque\u00f1a \u00e1rea, entre el C\u00e1rcamo de Dolores y la Fuente de Xochipilli, el equipo arqueol\u00f3gico del INAH localiz\u00f3 evidencia que modifica la cronolog\u00eda hasta ahora registrada en Chapultepec, y lo sit\u00faa como el lugar m\u00e1s antiguo con presencia humana al poniente de la Cuenca de M\u00e9xico.<\/p>\n\n\n\n<p>Las excavaciones, asistidas por las arque\u00f3logas Tania Contreras Guerra, Areli Torres R\u00edos y Thania P\u00e9rez Ch\u00e1vez, sacaron a la luz cer\u00e1mica, figurillas y l\u00edtica tallada \u00ad\u2013aqu\u00ed expuestas\u2013, con antig\u00fcedad superior a los tres milenios, las cuales aportan datos sobre los primeros grupos pobladores del \u00e1rea.<\/p>\n\n\n\n<p>En la secci\u00f3n \u201cChapultepec. Cerro de manantiales\u201d se explica que este asentamiento temprano se debe a que este promontorio, en realidad uno de los volcanes m\u00e1s antiguos de la cuenca (surgi\u00f3 hace 23 millones de a\u00f1os), desde antes de la aparici\u00f3n del ser humano sobre la Tierra, siempre estuvo rodeado de agua. Por ello, los grupos prehisp\u00e1nicos que se asentaron en la cuenca lo consideraron un \u2018cerro de los mantenimientos\u2019.<\/p>\n\n\n\n<p>El concepto de cerro-agua se sintetiz\u00f3 y transform\u00f3 con el tiempo. Esto explica otro extraordinario hallazgo, el cual tambi\u00e9n se muestra en el CCA: una olla globular del Poscl\u00e1sico Tard\u00edo (1200-1519 d.C.), cuando los mexicas dominaban la zona. Los elementos que la decoran: banderas con puntos negros y la doble espiral o&nbsp;<em>xonecuilli<\/em>&nbsp;refieren a deidades acu\u00e1ticas, como Tl\u00e1loc, Chalchiuhtlicue y los tlaloques.<\/p>\n\n\n\n<p>En ese sentido, L\u00f3pez Camacho detalla que esta pieza se registr\u00f3 durante el trazo del sendero que conecta los museos Tamayo y&nbsp;<a href=\"https:\/\/mna.inah.gob.mx\/\" target=\"_blank\" rel=\"noreferrer noopener\">Nacional de Antropolog\u00eda<\/a>, \u201ctuvo un uso ritual, pues en su interior estaba el entierro simb\u00f3lico de una figurilla femenina, acompa\u00f1ada de flores e incienso, un personaje que muestra deformaci\u00f3n craneal y restos de chapopote en el cuerpo, y porta un collar de cuentas redondas\u201d.<\/p>\n\n\n\n<p>Otro aspecto que sobresale en la exposici\u00f3n es la divulgaci\u00f3n de los estudios arqueoastron\u00f3micos, los cuales han demostrado que, en el solsticio de invierno, desde la cima del Cerro de Chapultepec se observa al sol \u201csurgir del vientre\u201d del Iztacc\u00edhuatl. Este fen\u00f3meno fue interpretado por los mexicas como el renacimiento de su dios patrono, Huitzilopochtli, se\u00f1al de un nuevo ciclo y del inicio de la edificaci\u00f3n de templos dedicados a esta deidad guerrera y solar, as\u00ed como a Tl\u00e1loc.<\/p>\n\n\n\n<p>Por otro lado, en la l\u00ednea de tiempo que recorre los sucesos hist\u00f3ricos m\u00e1s trascendentes de Chapultepec, se destaca su papel como centro industrial a inicios del siglo XX, como lo han revelado recientes descubrimientos relacionados con las f\u00e1bricas nacionales de&nbsp;<a href=\"https:\/\/youtu.be\/_pJmHP8MB5s\" target=\"_blank\" rel=\"noreferrer noopener\">Cartuchos<\/a>&nbsp;\u2013del que se ubicaron \u00e1reas como talleres, patios y cuarto de m\u00e1quinas\u2013 y de Vidrio, en la Segunda Secci\u00f3n.<\/p>\n\n\n\n<p>La arque\u00f3loga Lourdes L\u00f3pez Camacho concluye que en el bosque se funden naturaleza y cultura, de ah\u00ed que la muestra busca redimensionar el panorama de su importancia, al ser testigo de un c\u00famulo de recuerdos que retratan la historia de la Ciudad de M\u00e9xico.<\/p>\n","protected":false},"excerpt":{"rendered":"<p>Se incluye cer\u00e1mica, l\u00edtica y figurillas de m\u00e1s de 3,000 a\u00f1os, y una olla del Poscl\u00e1sico Tard\u00edo que conten\u00eda el entierro de una figurilla femenina Tambi\u00e9n resaltan contextos industriales de inicios del siglo XX, relacionados con las f\u00e1bricas nacionales de Cartuchos y de Vidrio, en la Segunda Secci\u00f3n Como parte del proyecto prioritario Chapultepec Naturaleza [&hellip;]<\/p>\n","protected":false},"author":1,"featured_media":22014,"comment_status":"open","ping_status":"open","sticky":false,"template":"","format":"standard","meta":{"advanced_seo_description":"","jetpack_seo_html_title":"","jetpack_seo_noindex":false,"footnotes":"","jetpack_publicize_message":"","jetpack_is_tweetstorm":false,"jetpack_publicize_feature_enabled":true,"jetpack_social_post_already_shared":true,"jetpack_social_options":{"image_generator_settings":{"template":"highway","enabled":false}}},"categories":[26,4],"tags":[],"class_list":["post-22013","post","type-post","status-publish","format-standard","has-post-thumbnail","hentry","category-cultura","category-noticias"],"jetpack_publicize_connections":[],"jetpack_featured_media_url":"http:\/\/elcensornoticias.com\/wp-content\/uploads\/2023\/01\/CCA.-Chapultepec.-Meliton-Tapia-INAH-3.jpeg","jetpack_likes_enabled":true,"jetpack_sharing_enabled":true,"jetpack_shortlink":"https:\/\/wp.me\/p6xy50-5J3","_links":{"self":[{"href":"http:\/\/elcensornoticias.com\/index.php?rest_route=\/wp\/v2\/posts\/22013","targetHints":{"allow":["GET"]}}],"collection":[{"href":"http:\/\/elcensornoticias.com\/index.php?rest_route=\/wp\/v2\/posts"}],"about":[{"href":"http:\/\/elcensornoticias.com\/index.php?rest_route=\/wp\/v2\/types\/post"}],"author":[{"embeddable":true,"href":"http:\/\/elcensornoticias.com\/index.php?rest_route=\/wp\/v2\/users\/1"}],"replies":[{"embeddable":true,"href":"http:\/\/elcensornoticias.com\/index.php?rest_route=%2Fwp%2Fv2%2Fcomments&post=22013"}],"version-history":[{"count":1,"href":"http:\/\/elcensornoticias.com\/index.php?rest_route=\/wp\/v2\/posts\/22013\/revisions"}],"predecessor-version":[{"id":22015,"href":"http:\/\/elcensornoticias.com\/index.php?rest_route=\/wp\/v2\/posts\/22013\/revisions\/22015"}],"wp:featuredmedia":[{"embeddable":true,"href":"http:\/\/elcensornoticias.com\/index.php?rest_route=\/wp\/v2\/media\/22014"}],"wp:attachment":[{"href":"http:\/\/elcensornoticias.com\/index.php?rest_route=%2Fwp%2Fv2%2Fmedia&parent=22013"}],"wp:term":[{"taxonomy":"category","embeddable":true,"href":"http:\/\/elcensornoticias.com\/index.php?rest_route=%2Fwp%2Fv2%2Fcategories&post=22013"},{"taxonomy":"post_tag","embeddable":true,"href":"http:\/\/elcensornoticias.com\/index.php?rest_route=%2Fwp%2Fv2%2Ftags&post=22013"}],"curies":[{"name":"wp","href":"https:\/\/api.w.org\/{rel}","templated":true}]}}