{"id":21985,"date":"2023-01-24T23:48:03","date_gmt":"2023-01-24T23:48:03","guid":{"rendered":"http:\/\/elcensornoticias.com\/?p=21985"},"modified":"2023-01-24T23:48:07","modified_gmt":"2023-01-24T23:48:07","slug":"redescubre-la-historia-del-pueblo-mexicano-a-traves-del-tiempo-estreno-del-once","status":"publish","type":"post","link":"http:\/\/elcensornoticias.com\/?p=21985","title":{"rendered":"Redescubre la Historia del pueblo mexicano a trav\u00e9s del tiempo, Estreno del once"},"content":{"rendered":"\n<ul class=\"wp-block-list\"><li><strong>Destaca eventos trascendentales que han derivado en transformaciones radicales en la historia del pueblo mexicano<\/strong><\/li><li><strong>Expone la lucha de distintos personajes en busca de un pa\u00eds m\u00e1s justo y equitativo.<\/strong><\/li><li><strong>Estreno: martes 24 de enero, 20:30 horas.<\/strong><\/li><\/ul>\n\n\n\n<p>La pantalla del Once expone parte de la lucha y el esfuerzo de mujeres, campesinos, ind\u00edgenas, trabajadores y afrodescendientes que han forjado un pa\u00eds m\u00e1s justo y equitativo, con el estreno de&nbsp;<em>Historia del pueblo mexicano<\/em>.<\/p>\n\n\n\n<p>Un documental de la televisora del Instituto Polit\u00e9cnico Nacional y el Instituto Nacional de Estudios Hist\u00f3ricos de las Revoluciones de M\u00e9xico (Inehrm) que muestra, a trav\u00e9s de im\u00e1genes, fotograf\u00edas, mapas, animaciones, gr\u00e1ficos, material f\u00edlmico, grabaciones en locaci\u00f3n y m\u00fasica, el gran esfuerzo de numerosas generaciones que nos han heredado un pa\u00eds espl\u00e9ndido y subrayan nuestra responsabilidad de continuar con esa obra colectiva.<\/p>\n\n\n\n<p>Esta producci\u00f3n se basa en los textos de diversos especialistas autores del libro&nbsp;<em>Historia del pueblo mexicano<\/em>, donde se destacan algunos eventos trascendentales que han derivado en transformaciones radicales a lo largo de los a\u00f1os para conquistar una serie de derechos que nos permiten tener un mejor pa\u00eds.<\/p>\n\n\n\n<p>En la presentaci\u00f3n del programa ante medios de comunicaci\u00f3n y p\u00fablico en general, que se llev\u00f3 a cabo en el Inehrm, el director del Once, Carlos Brito Lavalle, destac\u00f3 que esta producci\u00f3n busca fomentar la lectura a trav\u00e9s de formatos alternos que despierten el inter\u00e9s y transmitan conocimiento, aprovechando el enorme y rico acervo hist\u00f3tico del Instituto.<\/p>\n\n\n\n<p>\u201cEstoy convencido de que la Historia del pueblo mexicano, en ambos formatos (libro y documental), abonan a los debates que cuestionan las narrativas hist\u00f3ricas pasadas y nos permiten analizar nuestro pasado para construir un nuevo futuro, m\u00e1s incluyente, que no deje a nadie fuera de su propia historia porque no hay pueblo sin historia ni historia sin el pueblo\u201d.<\/p>\n\n\n\n<p>En su oportunidad, la secretaria de Cultura federal, Alejandra Frausto Guerrero, destac\u00f3 que las infancias y juventudes son esponjas, y gracias a la serie y el libro Historia del pueblo mexicano se est\u00e1n formando conociendo voces que no hab\u00edan sido escuchadas como son las mujeres, los j\u00f3venes y los pueblos originarios.<\/p>\n\n\n\n<p>\u201cEsa extraordinaria diversidad que somos, que se vio como amenaza, como motivo de discriminaci\u00f3n u olvido, est\u00e1 ahora al centro de una narrativa de un pa\u00eds que se est\u00e1 transformando gracias al liderazgo del presidente Andr\u00e9s Manuel L\u00f3pez Obrador, donde todos servimos para construir estas otras voces, dar los espacios para que resuenen y se cuenten las historias desde las mujeres o la juventud, desde aquellos lugares que han tenido m\u00e1s marginaci\u00f3n hist\u00f3ricamente, que ahora se empiezan a transformar, son aquellos lugares que m\u00e1s riqueza cultural tienen, son las zonas ind\u00edgenas, las zonas afrodescendientes, que han resistido generaciones, preservando su cultura y su lengua. Esta extraordinaria diversidad es la que se cuenta en este libro hecho televisi\u00f3n\u201d.<\/p>\n\n\n\n<p>En su intervenci\u00f3n, el director general del Inehrm, Felipe \u00c1vila Espinosa, celebr\u00f3 que se est\u00e9 realizando esta presentaci\u00f3n de la serie televisiva gracias a un \u201cesfuerzo de colaboraci\u00f3n entre la Secretar\u00eda de Cultura, la Secretar\u00eda de Educaci\u00f3n P\u00fablica, el Once y el Inehrm, para llevar a todos los hogares y a toda la juventud y la ni\u00f1ez el contenido b\u00e1sico del libro&nbsp;<em>Historia del pueblo mexicano<\/em>\u201d.<\/p>\n\n\n\n<p>El tambi\u00e9n historiador agradeci\u00f3 la presencia de la secretaria de Cultura, Alejandra Frausto Guerrero, quien \u201cnos dio la instrucci\u00f3n precisa de convertir este instituto en centro de investigaci\u00f3n, de divulgaci\u00f3n, de conocimiento cr\u00edtico de la historia, pero una historia contada de una manera distinta, a trav\u00e9s de los rostros, de los ojos, de la voz de quienes hab\u00edan sido ignorados\u201d, agreg\u00f3 \u00c1vila Espinosa.<\/p>\n\n\n\n<p>A la presentaci\u00f3n, tambi\u00e9n asisti\u00f3 el presidente del Sistema P\u00fablico de Radiodifusi\u00f3n del Estado Mexicano (SPR), Jenaro Villamil; el coordinador General de Comunicaci\u00f3n Social y Vocero del Gobierno de la Rep\u00fablica, Jes\u00fas Ram\u00edrez Cuevas, as\u00ed como la subsecretaria de Educaci\u00f3n B\u00e1sica, Martha Velda Hern\u00e1ndez.<\/p>\n\n\n\n<p>Conoce parte de la&nbsp;<em>Historia del pueblo mexicano<\/em>, por el Once, los martes a partir del 24 de enero de 2023 a las 20:30 horas por la se\u00f1al 11.1, y en su plataforma&nbsp;<a href=\"https:\/\/canalonce.mx\/\" target=\"_blank\" rel=\"noreferrer noopener\">https:\/\/canalonce.mx\/<\/a>.&nbsp;<\/p>\n","protected":false},"excerpt":{"rendered":"<p>Destaca eventos trascendentales que han derivado en transformaciones radicales en la historia del pueblo mexicano Expone la lucha de distintos personajes en busca de un pa\u00eds m\u00e1s justo y equitativo. Estreno: martes 24 de enero, 20:30 horas. La pantalla del Once expone parte de la lucha y el esfuerzo de mujeres, campesinos, ind\u00edgenas, trabajadores y [&hellip;]<\/p>\n","protected":false},"author":1,"featured_media":21986,"comment_status":"open","ping_status":"open","sticky":false,"template":"","format":"standard","meta":{"advanced_seo_description":"","jetpack_seo_html_title":"","jetpack_seo_noindex":false,"footnotes":"","jetpack_publicize_message":"","jetpack_is_tweetstorm":false,"jetpack_publicize_feature_enabled":true,"jetpack_social_post_already_shared":true,"jetpack_social_options":{"image_generator_settings":{"template":"highway","enabled":false}}},"categories":[26,4],"tags":[],"class_list":["post-21985","post","type-post","status-publish","format-standard","has-post-thumbnail","hentry","category-cultura","category-noticias"],"jetpack_publicize_connections":[],"jetpack_featured_media_url":"http:\/\/elcensornoticias.com\/wp-content\/uploads\/2023\/01\/Image2.jpeg","jetpack_likes_enabled":true,"jetpack_sharing_enabled":true,"jetpack_shortlink":"https:\/\/wp.me\/p6xy50-5IB","_links":{"self":[{"href":"http:\/\/elcensornoticias.com\/index.php?rest_route=\/wp\/v2\/posts\/21985","targetHints":{"allow":["GET"]}}],"collection":[{"href":"http:\/\/elcensornoticias.com\/index.php?rest_route=\/wp\/v2\/posts"}],"about":[{"href":"http:\/\/elcensornoticias.com\/index.php?rest_route=\/wp\/v2\/types\/post"}],"author":[{"embeddable":true,"href":"http:\/\/elcensornoticias.com\/index.php?rest_route=\/wp\/v2\/users\/1"}],"replies":[{"embeddable":true,"href":"http:\/\/elcensornoticias.com\/index.php?rest_route=%2Fwp%2Fv2%2Fcomments&post=21985"}],"version-history":[{"count":1,"href":"http:\/\/elcensornoticias.com\/index.php?rest_route=\/wp\/v2\/posts\/21985\/revisions"}],"predecessor-version":[{"id":21987,"href":"http:\/\/elcensornoticias.com\/index.php?rest_route=\/wp\/v2\/posts\/21985\/revisions\/21987"}],"wp:featuredmedia":[{"embeddable":true,"href":"http:\/\/elcensornoticias.com\/index.php?rest_route=\/wp\/v2\/media\/21986"}],"wp:attachment":[{"href":"http:\/\/elcensornoticias.com\/index.php?rest_route=%2Fwp%2Fv2%2Fmedia&parent=21985"}],"wp:term":[{"taxonomy":"category","embeddable":true,"href":"http:\/\/elcensornoticias.com\/index.php?rest_route=%2Fwp%2Fv2%2Fcategories&post=21985"},{"taxonomy":"post_tag","embeddable":true,"href":"http:\/\/elcensornoticias.com\/index.php?rest_route=%2Fwp%2Fv2%2Ftags&post=21985"}],"curies":[{"name":"wp","href":"https:\/\/api.w.org\/{rel}","templated":true}]}}