{"id":21982,"date":"2023-01-24T23:43:15","date_gmt":"2023-01-24T23:43:15","guid":{"rendered":"http:\/\/elcensornoticias.com\/?p=21982"},"modified":"2023-01-24T23:43:17","modified_gmt":"2023-01-24T23:43:17","slug":"con-educacion-se-puede-lograr-que-la-ninez-y-la-juventud-tengan-un-mejor-futuro-pepe-temoltzin","status":"publish","type":"post","link":"http:\/\/elcensornoticias.com\/?p=21982","title":{"rendered":"Con educaci\u00f3n se puede lograr que la ni\u00f1ez y la juventud tengan un mejor futuro: Pepe Temoltzin."},"content":{"rendered":"\n<p><\/p>\n\n\n\n<p>El legislador Jos\u00e9 Gilberto Temoltzin Mart\u00ednez, representante del Partido Acci\u00f3n Nacional (PAN), en su intervenci\u00f3n en asuntos generales, durante la tercera sesi\u00f3n ordinaria, se posicion\u00f3 respecto a la situaci\u00f3n actual de la educaci\u00f3n y los grandes retos que esta genera para las y los legisladores.<\/p>\n\n\n\n<p>En la m\u00e1xima tribuna tlaxcalteca y dentro del marco del D\u00eda Internacional de la Educaci\u00f3n, celebrado este martes 24 de enero, el legislador reconoci\u00f3 que es solo a trav\u00e9s de ella, que se puede lograr que la ni\u00f1ez y la juventud tenga mejor futuro, mejores oportunidades, hacer frente a la pobreza y a la delincuencia.<\/p>\n\n\n\n<p>Pepe Temoltzin se\u00f1al\u00f3 que, en el mundo, de acuerdo a datos oficiales, 244&nbsp;millones de ni\u00f1os y j\u00f3venes se encuentran sin escolarizaci\u00f3n, 617 millones de ni\u00f1os y adolescentes no pueden leer ni tienen conocimientos b\u00e1sicos de matem\u00e1ticas, lo que resulta preocupante para el contexto actual, de recesi\u00f3n social, desigualdades crecientes y crisis clim\u00e1ticas.<\/p>\n\n\n\n<p>\u201cEn el caso de nuestro pa\u00eds hay m\u00e1s de 4 millones de ni\u00f1os, ni\u00f1as y adolescentes que no asisten a la escuela, mientras que otros 600 mil est\u00e1n en riesgo de dejarla por diferentes factores, entre ellos, la falta de recursos, la lejan\u00eda de las escuelas y la violencia\u201d, lament\u00f3.<\/p>\n\n\n\n<p>Temoltzin Mart\u00ednez puntualiz\u00f3 que esta situaci\u00f3n, es a\u00fan peor para las infancias y adolescencias que pertenecen a pueblos ind\u00edgenas y que hablan su lengua materna, lo que se refleja en un alto \u00edndice de menores que no acceden a este derecho fundamental.<\/p>\n\n\n\n<p>De esta manera, el representante del Partido Acci\u00f3n Nacional, se\u00f1al\u00f3 la urgencia de que se refuercen las acciones encaminadas a lograr que todos los menores de edad, accedan a una educaci\u00f3n de calidad, que no la abandonen y que puedan concluir sus estudios con los aprendizajes necesarios para su edad.<\/p>\n\n\n\n<p>\u201cComo una responsabilidad colectiva, es de vital importancia, que el Congreso local, en nuestra esfera de competencia, ayudemos a construir un mejor futuro para la ni\u00f1ez y la juventud tlaxcalteca y abonar en el dise\u00f1o e implementaci\u00f3n de pol\u00edticas p\u00fablicas\u201d, enfatiz\u00f3 el congresista, reconociendo a su vez, que sus hom\u00f3logos han mostrado especial inter\u00e9s en la materia, adem\u00e1s de que integrantes de esta legislatura, se dedican al arte de la docencia.<\/p>\n\n\n\n<p>Finalmente, Jos\u00e9 Gilberto Temoltzin, hizo un llamado, a tomar acciones para mejorar el sistema educativo, a generar acciones que frenen la deserci\u00f3n escolar y que se garantice plenamente el acceso a los servicios educativos, a trav\u00e9s de un presupuesto proactivo y enfatizar en la educaci\u00f3n, como el tim\u00f3n de un mejor futuro.<\/p>\n","protected":false},"excerpt":{"rendered":"<p>El legislador Jos\u00e9 Gilberto Temoltzin Mart\u00ednez, representante del Partido Acci\u00f3n Nacional (PAN), en su intervenci\u00f3n en asuntos generales, durante la tercera sesi\u00f3n ordinaria, se posicion\u00f3 respecto a la situaci\u00f3n actual de la educaci\u00f3n y los grandes retos que esta genera para las y los legisladores. En la m\u00e1xima tribuna tlaxcalteca y dentro del marco del [&hellip;]<\/p>\n","protected":false},"author":1,"featured_media":21983,"comment_status":"open","ping_status":"open","sticky":false,"template":"","format":"standard","meta":{"advanced_seo_description":"","jetpack_seo_html_title":"","jetpack_seo_noindex":false,"footnotes":"","jetpack_publicize_message":"","jetpack_is_tweetstorm":false,"jetpack_publicize_feature_enabled":true,"jetpack_social_post_already_shared":true,"jetpack_social_options":{"image_generator_settings":{"template":"highway","enabled":false}}},"categories":[27,2],"tags":[],"class_list":["post-21982","post","type-post","status-publish","format-standard","has-post-thumbnail","hentry","category-congreso","category-destacadas"],"jetpack_publicize_connections":[],"jetpack_featured_media_url":"http:\/\/elcensornoticias.com\/wp-content\/uploads\/2023\/01\/Dip.-Temoltzin-.jpeg","jetpack_likes_enabled":true,"jetpack_sharing_enabled":true,"jetpack_shortlink":"https:\/\/wp.me\/p6xy50-5Iy","_links":{"self":[{"href":"http:\/\/elcensornoticias.com\/index.php?rest_route=\/wp\/v2\/posts\/21982","targetHints":{"allow":["GET"]}}],"collection":[{"href":"http:\/\/elcensornoticias.com\/index.php?rest_route=\/wp\/v2\/posts"}],"about":[{"href":"http:\/\/elcensornoticias.com\/index.php?rest_route=\/wp\/v2\/types\/post"}],"author":[{"embeddable":true,"href":"http:\/\/elcensornoticias.com\/index.php?rest_route=\/wp\/v2\/users\/1"}],"replies":[{"embeddable":true,"href":"http:\/\/elcensornoticias.com\/index.php?rest_route=%2Fwp%2Fv2%2Fcomments&post=21982"}],"version-history":[{"count":1,"href":"http:\/\/elcensornoticias.com\/index.php?rest_route=\/wp\/v2\/posts\/21982\/revisions"}],"predecessor-version":[{"id":21984,"href":"http:\/\/elcensornoticias.com\/index.php?rest_route=\/wp\/v2\/posts\/21982\/revisions\/21984"}],"wp:featuredmedia":[{"embeddable":true,"href":"http:\/\/elcensornoticias.com\/index.php?rest_route=\/wp\/v2\/media\/21983"}],"wp:attachment":[{"href":"http:\/\/elcensornoticias.com\/index.php?rest_route=%2Fwp%2Fv2%2Fmedia&parent=21982"}],"wp:term":[{"taxonomy":"category","embeddable":true,"href":"http:\/\/elcensornoticias.com\/index.php?rest_route=%2Fwp%2Fv2%2Fcategories&post=21982"},{"taxonomy":"post_tag","embeddable":true,"href":"http:\/\/elcensornoticias.com\/index.php?rest_route=%2Fwp%2Fv2%2Ftags&post=21982"}],"curies":[{"name":"wp","href":"https:\/\/api.w.org\/{rel}","templated":true}]}}