{"id":21978,"date":"2023-01-24T20:05:03","date_gmt":"2023-01-24T20:05:03","guid":{"rendered":"http:\/\/elcensornoticias.com\/?p=21978"},"modified":"2023-01-24T20:05:07","modified_gmt":"2023-01-24T20:05:07","slug":"propicia-sepe-uset-intercambio-academico-entre-tlaxcala-y-chile","status":"publish","type":"post","link":"http:\/\/elcensornoticias.com\/?p=21978","title":{"rendered":"PROPICIA SEPE\u2013USET INTERCAMBIO ACAD\u00c9MICO ENTRE TLAXCALA Y CHILE"},"content":{"rendered":"\n<p>La acad\u00e9mica de la Universidad de Chile, M\u00f3nica Manhey Moreno disert\u00f3 una conferencia magistral y recorri\u00f3 el CAI de Zacatelco<br>Autoridades de la Secretar\u00eda de Educaci\u00f3n P\u00fablica del Estado y de la Unidad de Servicios Educativos del Estado de Tlaxcala (SEPE\u2013USET), junto con acad\u00e9micos de la Universidad de Chile y la Universidad Aut\u00f3noma de Tlaxcala (UATx), visitaron el Centro de Atenci\u00f3n Infantil (CAI) n\u00famero 4, ubicado en el municipio de Zacatelco, esto como parte del intercambio de experiencias formativas enfocadas a menores de 5 a\u00f1os de edad.<br>En este marco, tambi\u00e9n se dict\u00f3 la conferencia magistral \u201cPlanificaci\u00f3n para los Aprendizajes en Educaci\u00f3n Infantil desde el Enfoque de Derechos\u201d, a la que asisti\u00f3 la titular de Educaci\u00f3n Terminal de la SEPE, Rosa Isela Garc\u00eda Herrera, en representaci\u00f3n del secretario de Educaci\u00f3n y director general de la USET, Homero Meneses Hern\u00e1ndez.<br>Durante el recorrido a las \u00e1reas del CAI, la acad\u00e9mica de la Universidad de Chile, M\u00f3nica Manhey Moreno y el representante de la UATx, Felipe Hern\u00e1ndez, tuvieron la oportunidad de conversar con las y los trabajadores de la educaci\u00f3n que atienden a cerca de 100 infantes, entre lactantes y maternales, distribuidos en diferentes grupos.<br>Aqu\u00ed, la titular de la coordinaci\u00f3n de Educaci\u00f3n Inicial, Luz Mar\u00eda Mata Lara encabez\u00f3 el recorrido que incluy\u00f3 los puntos de juego y esparcimiento infantil. Este espacio cuenta con 46 trabajadores que atienden las \u00e1reas de: administraci\u00f3n, psicolog\u00eda, trabajo social, pedagog\u00eda, m\u00e9dica, lactantes, maternales lavander\u00eda, cocina, comedor y mantenimiento.<br>Posteriormente, se trasladaron a la conferencia magistral, donde Manhey Moreno destac\u00f3 la importancia de planificar y evaluar cuidadosamente, \u201clo que pretendemos favorecer en las infancias diversas son los ambientes de aprendizajes, el trabajo con las familias, comunidades y territorios para ofrecer oportunidades de aprendizaje de forma oportuna, desafiante y amorosa, que propicien y garanticen los derechos de ni\u00f1as y ni\u00f1os\u201d.<br>Adem\u00e1s, asistentes y la ponente intercambiaron experiencias exitosas, aclararon dudas e hicieron comparativos acad\u00e9micos y pedag\u00f3gicos que son pragm\u00e1ticos para mejorar las habilidades pedag\u00f3gicas en los seis CAI que existen en el estado de Tlaxcala.<\/p>\n","protected":false},"excerpt":{"rendered":"<p>La acad\u00e9mica de la Universidad de Chile, M\u00f3nica Manhey Moreno disert\u00f3 una conferencia magistral y recorri\u00f3 el CAI de ZacatelcoAutoridades de la Secretar\u00eda de Educaci\u00f3n P\u00fablica del Estado y de la Unidad de Servicios Educativos del Estado de Tlaxcala (SEPE\u2013USET), junto con acad\u00e9micos de la Universidad de Chile y la Universidad Aut\u00f3noma de Tlaxcala (UATx), [&hellip;]<\/p>\n","protected":false},"author":1,"featured_media":21979,"comment_status":"open","ping_status":"open","sticky":false,"template":"","format":"standard","meta":{"advanced_seo_description":"","jetpack_seo_html_title":"","jetpack_seo_noindex":false,"footnotes":"","jetpack_publicize_message":"","jetpack_is_tweetstorm":false,"jetpack_publicize_feature_enabled":true,"jetpack_social_post_already_shared":true,"jetpack_social_options":{"image_generator_settings":{"template":"highway","enabled":false}}},"categories":[2,28],"tags":[],"class_list":["post-21978","post","type-post","status-publish","format-standard","has-post-thumbnail","hentry","category-destacadas","category-educacion"],"jetpack_publicize_connections":[],"jetpack_featured_media_url":"http:\/\/elcensornoticias.com\/wp-content\/uploads\/2023\/01\/IMG-20230124-WA0023.jpg","jetpack_likes_enabled":true,"jetpack_sharing_enabled":true,"jetpack_shortlink":"https:\/\/wp.me\/p6xy50-5Iu","_links":{"self":[{"href":"http:\/\/elcensornoticias.com\/index.php?rest_route=\/wp\/v2\/posts\/21978","targetHints":{"allow":["GET"]}}],"collection":[{"href":"http:\/\/elcensornoticias.com\/index.php?rest_route=\/wp\/v2\/posts"}],"about":[{"href":"http:\/\/elcensornoticias.com\/index.php?rest_route=\/wp\/v2\/types\/post"}],"author":[{"embeddable":true,"href":"http:\/\/elcensornoticias.com\/index.php?rest_route=\/wp\/v2\/users\/1"}],"replies":[{"embeddable":true,"href":"http:\/\/elcensornoticias.com\/index.php?rest_route=%2Fwp%2Fv2%2Fcomments&post=21978"}],"version-history":[{"count":1,"href":"http:\/\/elcensornoticias.com\/index.php?rest_route=\/wp\/v2\/posts\/21978\/revisions"}],"predecessor-version":[{"id":21980,"href":"http:\/\/elcensornoticias.com\/index.php?rest_route=\/wp\/v2\/posts\/21978\/revisions\/21980"}],"wp:featuredmedia":[{"embeddable":true,"href":"http:\/\/elcensornoticias.com\/index.php?rest_route=\/wp\/v2\/media\/21979"}],"wp:attachment":[{"href":"http:\/\/elcensornoticias.com\/index.php?rest_route=%2Fwp%2Fv2%2Fmedia&parent=21978"}],"wp:term":[{"taxonomy":"category","embeddable":true,"href":"http:\/\/elcensornoticias.com\/index.php?rest_route=%2Fwp%2Fv2%2Fcategories&post=21978"},{"taxonomy":"post_tag","embeddable":true,"href":"http:\/\/elcensornoticias.com\/index.php?rest_route=%2Fwp%2Fv2%2Ftags&post=21978"}],"curies":[{"name":"wp","href":"https:\/\/api.w.org\/{rel}","templated":true}]}}