{"id":21969,"date":"2023-01-24T20:01:15","date_gmt":"2023-01-24T20:01:15","guid":{"rendered":"http:\/\/elcensornoticias.com\/?p=21969"},"modified":"2023-01-24T20:01:19","modified_gmt":"2023-01-24T20:01:19","slug":"encabezan-sepe-uset-y-sedif-primera-sesion-ordinaria-de-la-comision-de-educacion-inclusiva","status":"publish","type":"post","link":"http:\/\/elcensornoticias.com\/?p=21969","title":{"rendered":"ENCABEZAN SEPE\u2013USET Y SEDIF PRIMERA SESI\u00d3N ORDINARIA DE LA COMISI\u00d3N DE EDUCACI\u00d3N INCLUSIVA"},"content":{"rendered":"\n<p>Acuerdan realizar acciones para transformar progresivamente el sistema educativo con enfoque socio\u2013territorial<br>El titular de la Secretar\u00eda de Educaci\u00f3n P\u00fablica del Estado y director general de la Unidad de Servicios Educativos del Estado de Tlaxcala (SEPE\u2013USET), Homero Meneses Hern\u00e1ndez y la presidenta honor\u00edfica del Sistema Estatal para el Desarrollo Integral de la Familia (Sedif), Mariana Espinosa de los Monteros Cu\u00e9llar, encabezaron la Primera Sesi\u00f3n Ordinaria de la Comisi\u00f3n de Educaci\u00f3n Inclusiva.<br>Durante el evento realizado en la sala de juntas \u201cCrisanto Cu\u00e9llar Abaroa\u201d de la SEPE\u2013USET, Meneses Hern\u00e1ndez, acompa\u00f1ado del secretario de Cultura, Antonio Mart\u00ednez Vel\u00e1zquez y de la secretaria ejecutiva del Sistema Estatal de Protecci\u00f3n Integral de los Derechos de las Ni\u00f1as, Ni\u00f1os y Adolescentes (Sipinna), Ana Bertha Mastranzo Corona, destac\u00f3 que en la entidad trabajan para alcanzar un estado totalmente incluyente, a trav\u00e9s de acciones que permitan transformar progresivamente el sistema educativo con enfoque socio\u2013territorial.<br>Mientras, Mariana Espinosa de los Monteros destac\u00f3 que el gobierno que encabeza Lorena Cu\u00e9llar Cisneros trabaja para igualar oportunidades para todas y todos de acuerdo con su edad, contexto y condici\u00f3n, as\u00ed como erradicar toda forma de discriminaci\u00f3n, al impulsar la construcci\u00f3n de acciones y espacios que brinden un desarrollo \u00f3ptimo a este sector de la poblaci\u00f3n.<br>V\u00eda Zoom, el subdirector de Promoci\u00f3n de los Derechos Humanos de Ni\u00f1as, Ni\u00f1os y Adolescentes, Joaqu\u00edn Torres Acosta coment\u00f3 que para transformar progresivamente el sistema educativo se reforzar\u00e1n los procesos que las entidades impulsen desde una perspectiva de construcci\u00f3n territorial; asimismo, resalt\u00f3 la necesidad de dise\u00f1ar acciones conjuntas que se ajusten a dimensiones operativas, te\u00f3ricas y conceptuales enmarcadas en la Estrategia Nacional de Educaci\u00f3n Inclusiva.<br>En presencia de funcionarios de diferentes dependencias estatales, Mastranzo Corona se pronunci\u00f3 por articular programas desde una perspectiva de derechos, as\u00ed como elaborar acciones unificadas, dise\u00f1ar planes y proyectos para la atenci\u00f3n integral de la comunidad educativa.<br>Finalmente, el coordinador para la Planeaci\u00f3n y Evaluaci\u00f3n Operativa de la delegaci\u00f3n de Bienestar en Tlaxcala, Ventura S\u00e1nchez Gonzaga mencion\u00f3 que una de las barreras m\u00e1s grandes para la inclusi\u00f3n es el econ\u00f3mico. Por ello, exhort\u00f3 a la poblaci\u00f3n a participar en los diferentes programas que opera esta dependencia, uno de ellos es la atenci\u00f3n a las personas con autismo.<br>Como parte de los acuerdos de esta primera sesi\u00f3n destacan: elaborar un documento interno de planeaci\u00f3n y cronograma de acciones puntuales para la atenci\u00f3n de las barreras para el aprendizaje y participaci\u00f3n; e integrarse a una asesor\u00eda en materia de educaci\u00f3n inclusiva, impartida por la Secretar\u00eda Ejecutiva de Sipinna Nacional, el 2 de febrero en la modalidad virtual.<br>En la reuni\u00f3n estuvieron presentes la directora de Educaci\u00f3n Especial de SEPE\u2013USET, Yolanda Espinoza D\u00e1vila; adem\u00e1s de titulares y representantes de las secretar\u00edas de Cultura (SC), de Seguridad Ciudadana (SSC), de Bienestar y del Sector Salud; as\u00ed como de los Institutos Estatal de la Mujer (IEM) y Tlaxcalteca de la Juventud (ITJ), entre otras dependencias.<\/p>\n","protected":false},"excerpt":{"rendered":"<p>Acuerdan realizar acciones para transformar progresivamente el sistema educativo con enfoque socio\u2013territorialEl titular de la Secretar\u00eda de Educaci\u00f3n P\u00fablica del Estado y director general de la Unidad de Servicios Educativos del Estado de Tlaxcala (SEPE\u2013USET), Homero Meneses Hern\u00e1ndez y la presidenta honor\u00edfica del Sistema Estatal para el Desarrollo Integral de la Familia (Sedif), Mariana Espinosa [&hellip;]<\/p>\n","protected":false},"author":1,"featured_media":21970,"comment_status":"open","ping_status":"open","sticky":false,"template":"","format":"standard","meta":{"advanced_seo_description":"","jetpack_seo_html_title":"","jetpack_seo_noindex":false,"footnotes":"","jetpack_publicize_message":"","jetpack_is_tweetstorm":false,"jetpack_publicize_feature_enabled":true,"jetpack_social_post_already_shared":true,"jetpack_social_options":{"image_generator_settings":{"template":"highway","enabled":false}}},"categories":[2,28],"tags":[],"class_list":["post-21969","post","type-post","status-publish","format-standard","has-post-thumbnail","hentry","category-destacadas","category-educacion"],"jetpack_publicize_connections":[],"jetpack_featured_media_url":"http:\/\/elcensornoticias.com\/wp-content\/uploads\/2023\/01\/IMG-20230124-WA0016.jpg","jetpack_likes_enabled":true,"jetpack_sharing_enabled":true,"jetpack_shortlink":"https:\/\/wp.me\/p6xy50-5Il","_links":{"self":[{"href":"http:\/\/elcensornoticias.com\/index.php?rest_route=\/wp\/v2\/posts\/21969","targetHints":{"allow":["GET"]}}],"collection":[{"href":"http:\/\/elcensornoticias.com\/index.php?rest_route=\/wp\/v2\/posts"}],"about":[{"href":"http:\/\/elcensornoticias.com\/index.php?rest_route=\/wp\/v2\/types\/post"}],"author":[{"embeddable":true,"href":"http:\/\/elcensornoticias.com\/index.php?rest_route=\/wp\/v2\/users\/1"}],"replies":[{"embeddable":true,"href":"http:\/\/elcensornoticias.com\/index.php?rest_route=%2Fwp%2Fv2%2Fcomments&post=21969"}],"version-history":[{"count":1,"href":"http:\/\/elcensornoticias.com\/index.php?rest_route=\/wp\/v2\/posts\/21969\/revisions"}],"predecessor-version":[{"id":21971,"href":"http:\/\/elcensornoticias.com\/index.php?rest_route=\/wp\/v2\/posts\/21969\/revisions\/21971"}],"wp:featuredmedia":[{"embeddable":true,"href":"http:\/\/elcensornoticias.com\/index.php?rest_route=\/wp\/v2\/media\/21970"}],"wp:attachment":[{"href":"http:\/\/elcensornoticias.com\/index.php?rest_route=%2Fwp%2Fv2%2Fmedia&parent=21969"}],"wp:term":[{"taxonomy":"category","embeddable":true,"href":"http:\/\/elcensornoticias.com\/index.php?rest_route=%2Fwp%2Fv2%2Fcategories&post=21969"},{"taxonomy":"post_tag","embeddable":true,"href":"http:\/\/elcensornoticias.com\/index.php?rest_route=%2Fwp%2Fv2%2Ftags&post=21969"}],"curies":[{"name":"wp","href":"https:\/\/api.w.org\/{rel}","templated":true}]}}