{"id":21960,"date":"2023-01-24T19:45:08","date_gmt":"2023-01-24T19:45:08","guid":{"rendered":"http:\/\/elcensornoticias.com\/?p=21960"},"modified":"2023-01-24T19:45:10","modified_gmt":"2023-01-24T19:45:10","slug":"comunicado-709-lxiv-legislatura-24-de-enero-2023","status":"publish","type":"post","link":"http:\/\/elcensornoticias.com\/?p=21960","title":{"rendered":"COMUNICADO 709 LXIV LEGISLATURA 24 DE ENERO 2023"},"content":{"rendered":"\n<p><strong>Aprueba Congreso emitir convocatoria \u201cJos\u00e9 Ar\u00e1mburu Garreta 2023&#8243;.<\/strong><\/p>\n\n\n\n<p>Las y los integrantes de la LXIV Legislatura del Congreso del Estado, aprobaron por mayor\u00eda de votos, el acuerdo por el que se emite la convocatoria dirigida a quienes, por su actividad literaria, de investigaci\u00f3n hist\u00f3rica y significaci\u00f3n social sean candidatos a merecer la presea \u201cJos\u00e9 Ar\u00e1mburu Garreta 2023\u201d.<\/p>\n\n\n\n<p>Mediante la iniciativa presentada por la Comisi\u00f3n de Educaci\u00f3n, Cultura, Ciencia y Tecnolog\u00eda, que preside la diputada Laura Alejandra Ram\u00edrez Ortiz, en la que se da el formal cumplimiento al decreto n\u00famero 222, publicado en el Peri\u00f3dico Oficial del Gobierno del Estado de Tlaxcala, de fecha diez de mayo de dos mil diecis\u00e9is, se busca reconocer a literatos e historiadores tlaxcaltecas.<\/p>\n\n\n\n<p>En dicha convocatoria, se estipula que podr\u00e1n ser acreedores de dicha presea, quienes, a trav\u00e9s de su labor literaria, de investigaci\u00f3n hist\u00f3rica y cultural desarrollada, tenga significaci\u00f3n social y sea de beneficio para el Estado.<\/p>\n\n\n\n<p>Las inscripciones las podr\u00e1n realizar de manera personal o a propuesta de alguna asociaci\u00f3n o instituci\u00f3n reconocida en la materia, garantizando que su labor y curr\u00edculum sea comprobable, al igual que deber\u00e1n presentar una carta de exposici\u00f3n de motivos por la que propone su candidatura.<\/p>\n\n\n\n<p>Las y los interesados, deber\u00e1n presentar su inscripci\u00f3n en la Secretaria Parlamentaria, en sobre cerrado, en un horario de 9:00 a 18:00 horas, como fecha l\u00edmite el d\u00eda 19 de abril de 2023.<\/p>\n\n\n\n<p>Ser\u00e1 a trav\u00e9s de una Sesi\u00f3n P\u00fablica y Solemne que el Congreso del Estado, el pr\u00f3ximo 4 de mayo de 2023, haga entrega de la Presea \u201cJos\u00e9 Ar\u00e1mburu Garreta 2023\u201d as\u00ed como de un est\u00edmulo econ\u00f3mico, a \u00e9l o la galardonada.&nbsp;<\/p>\n","protected":false},"excerpt":{"rendered":"<p>Aprueba Congreso emitir convocatoria \u201cJos\u00e9 Ar\u00e1mburu Garreta 2023&#8243;. Las y los integrantes de la LXIV Legislatura del Congreso del Estado, aprobaron por mayor\u00eda de votos, el acuerdo por el que se emite la convocatoria dirigida a quienes, por su actividad literaria, de investigaci\u00f3n hist\u00f3rica y significaci\u00f3n social sean candidatos a merecer la presea \u201cJos\u00e9 Ar\u00e1mburu [&hellip;]<\/p>\n","protected":false},"author":1,"featured_media":21961,"comment_status":"open","ping_status":"open","sticky":false,"template":"","format":"standard","meta":{"advanced_seo_description":"","jetpack_seo_html_title":"","jetpack_seo_noindex":false,"footnotes":"","jetpack_publicize_message":"","jetpack_is_tweetstorm":false,"jetpack_publicize_feature_enabled":true,"jetpack_social_post_already_shared":true,"jetpack_social_options":{"image_generator_settings":{"template":"highway","enabled":false}}},"categories":[27,2],"tags":[],"class_list":["post-21960","post","type-post","status-publish","format-standard","has-post-thumbnail","hentry","category-congreso","category-destacadas"],"jetpack_publicize_connections":[],"jetpack_featured_media_url":"http:\/\/elcensornoticias.com\/wp-content\/uploads\/2023\/01\/Dip.-Alejandra-.jpeg","jetpack_likes_enabled":true,"jetpack_sharing_enabled":true,"jetpack_shortlink":"https:\/\/wp.me\/p6xy50-5Ic","_links":{"self":[{"href":"http:\/\/elcensornoticias.com\/index.php?rest_route=\/wp\/v2\/posts\/21960","targetHints":{"allow":["GET"]}}],"collection":[{"href":"http:\/\/elcensornoticias.com\/index.php?rest_route=\/wp\/v2\/posts"}],"about":[{"href":"http:\/\/elcensornoticias.com\/index.php?rest_route=\/wp\/v2\/types\/post"}],"author":[{"embeddable":true,"href":"http:\/\/elcensornoticias.com\/index.php?rest_route=\/wp\/v2\/users\/1"}],"replies":[{"embeddable":true,"href":"http:\/\/elcensornoticias.com\/index.php?rest_route=%2Fwp%2Fv2%2Fcomments&post=21960"}],"version-history":[{"count":1,"href":"http:\/\/elcensornoticias.com\/index.php?rest_route=\/wp\/v2\/posts\/21960\/revisions"}],"predecessor-version":[{"id":21962,"href":"http:\/\/elcensornoticias.com\/index.php?rest_route=\/wp\/v2\/posts\/21960\/revisions\/21962"}],"wp:featuredmedia":[{"embeddable":true,"href":"http:\/\/elcensornoticias.com\/index.php?rest_route=\/wp\/v2\/media\/21961"}],"wp:attachment":[{"href":"http:\/\/elcensornoticias.com\/index.php?rest_route=%2Fwp%2Fv2%2Fmedia&parent=21960"}],"wp:term":[{"taxonomy":"category","embeddable":true,"href":"http:\/\/elcensornoticias.com\/index.php?rest_route=%2Fwp%2Fv2%2Fcategories&post=21960"},{"taxonomy":"post_tag","embeddable":true,"href":"http:\/\/elcensornoticias.com\/index.php?rest_route=%2Fwp%2Fv2%2Ftags&post=21960"}],"curies":[{"name":"wp","href":"https:\/\/api.w.org\/{rel}","templated":true}]}}